{"id":79481,"date":"2020-08-14T10:56:33","date_gmt":"2020-08-14T13:56:33","guid":{"rendered":"https:\/\/eldiariodesanpedro.com.ar\/sitio\/?p=79481"},"modified":"2020-08-14T10:56:37","modified_gmt":"2020-08-14T13:56:37","slug":"dos-aprehendidos-por-llevar-armas-blancas","status":"publish","type":"post","link":"https:\/\/eldiariodesanpedro.com.ar\/sitio\/dos-aprehendidos-por-llevar-armas-blancas\/","title":{"rendered":"Dos aprehendidos por llevar armas blancas"},"content":{"rendered":"<!-- VideographyWP Plugin Message: Automatic video embedding prevented by plugin options. -->\n\n<p>En la jornada de jueves la polic\u00eda aprehendi\u00f3 a dos sujetos que se encontraban circulando en la v\u00eda publica portando cuchillos.<\/p>\n\n\n\n<p>El personal policial de nuestra ciudad se hace presente en calle Auli al 1700, donde se aprehendi\u00f3 a masculino 30 a\u00f1os de edad, secuestrando en su poder un arma blanca cuchillo tipo cocina. Se labraron actuaciones contravencionales con intervenci\u00f3n del Juzgado de Paz San Pedro.<\/p>\n\n\n\n<p>Tambi\u00e9n en la noche de ayer efectivos policiales se acercaron hasta calle Auli e Ituzaing\u00f3 donde se aprehende a masculino de 18 a\u00f1os, se encontraba estado ebriedad y secuestro de cuchillo. Se labraron actuaciones contravencionales con intervenci\u00f3n del Juzgado de Paz San Pedro.<\/p>\n","protected":false},"excerpt":{"rendered":"<p>En la jornada de jueves la polic\u00eda aprehendi\u00f3 a dos sujetos que se encontraban circulando en la v\u00eda publica portando cuchillos. El personal policial de nuestra ciudad se hace presente en calle Auli al 1700, donde se aprehendi\u00f3 a masculino 30 a\u00f1os de edad, secuestrando en su poder un arma blanca cuchillo tipo cocina. Se [&hellip;]<\/p>\n","protected":false},"author":4,"featured_media":78843,"comment_status":"open","ping_status":"closed","sticky":false,"template":"","format":"standard","meta":{"om_disable_all_campaigns":false,"_jetpack_memberships_contains_paid_content":false,"footnotes":""},"categories":[2,103],"tags":[197,33,95],"class_list":["post-79481","post","type-post","status-publish","format-standard","has-post-thumbnail","hentry","category-locales","category-policiales-locales","tag-buenos-aires","tag-locales","tag-policiales"],"aioseo_notices":[],"gutentor_comment":0,"jetpack_featured_media_url":"https:\/\/eldiariodesanpedro.com.ar\/sitio\/wp-content\/uploads\/2020\/08\/0.jpg","jetpack_shortlink":"https:\/\/wp.me\/p6RhLt-kFX","jetpack_sharing_enabled":true,"_links":{"self":[{"href":"https:\/\/eldiariodesanpedro.com.ar\/sitio\/wp-json\/wp\/v2\/posts\/79481","targetHints":{"allow":["GET"]}}],"collection":[{"href":"https:\/\/eldiariodesanpedro.com.ar\/sitio\/wp-json\/wp\/v2\/posts"}],"about":[{"href":"https:\/\/eldiariodesanpedro.com.ar\/sitio\/wp-json\/wp\/v2\/types\/post"}],"author":[{"embeddable":true,"href":"https:\/\/eldiariodesanpedro.com.ar\/sitio\/wp-json\/wp\/v2\/users\/4"}],"replies":[{"embeddable":true,"href":"https:\/\/eldiariodesanpedro.com.ar\/sitio\/wp-json\/wp\/v2\/comments?post=79481"}],"version-history":[{"count":1,"href":"https:\/\/eldiariodesanpedro.com.ar\/sitio\/wp-json\/wp\/v2\/posts\/79481\/revisions"}],"predecessor-version":[{"id":79482,"href":"https:\/\/eldiariodesanpedro.com.ar\/sitio\/wp-json\/wp\/v2\/posts\/79481\/revisions\/79482"}],"wp:featuredmedia":[{"embeddable":true,"href":"https:\/\/eldiariodesanpedro.com.ar\/sitio\/wp-json\/wp\/v2\/media\/78843"}],"wp:attachment":[{"href":"https:\/\/eldiariodesanpedro.com.ar\/sitio\/wp-json\/wp\/v2\/media?parent=79481"}],"wp:term":[{"taxonomy":"category","embeddable":true,"href":"https:\/\/eldiariodesanpedro.com.ar\/sitio\/wp-json\/wp\/v2\/categories?post=79481"},{"taxonomy":"post_tag","embeddable":true,"href":"https:\/\/eldiariodesanpedro.com.ar\/sitio\/wp-json\/wp\/v2\/tags?post=79481"}],"curies":[{"name":"wp","href":"https:\/\/api.w.org\/{rel}","templated":true}]}}