{"id":79474,"date":"2020-08-13T22:52:02","date_gmt":"2020-08-14T01:52:02","guid":{"rendered":"https:\/\/eldiariodesanpedro.com.ar\/sitio\/?p=79474"},"modified":"2020-08-13T22:53:50","modified_gmt":"2020-08-14T01:53:50","slug":"la-concejala-soledad-llull-dio-positivo-para-coronavirus","status":"publish","type":"post","link":"https:\/\/eldiariodesanpedro.com.ar\/sitio\/la-concejala-soledad-llull-dio-positivo-para-coronavirus\/","title":{"rendered":"La concejala Soledad Llull dio positivo para coronavirus"},"content":{"rendered":"<!-- VideographyWP Plugin Message: Automatic video embedding prevented by plugin options. -->\n\n<p>En la conferencia de prensa realizada esta noche se informo sobre el segundo caso positivo de un representante de HCD.<\/p>\n\n\n\n<p>Dentro de los 26 casos recibidos uno de ellos pertenece a la edil Soledad Llull perteneciente al bloque de Frente de Todos que se encuentra aisladas desde el pasado domingo cuando empez\u00f3 a presentar s\u00edntomas.<\/p>\n\n\n\n<p>Recordemos que el d\u00eda de mi\u00e9rcoles se hab\u00eda diagnosticado a Elisa Ferraro quien se desempe\u00f1a en la cl\u00ednica SADIV por lo que de manera privada se realizo el an\u00e1lisis.<\/p>\n\n\n\n<p>Aun resta esperar el resultado del tercer edil hisopado \u00a0Mart\u00edn Pando que fue hisopado el mismo d\u00eda que los dem\u00e1s.<\/p>\n","protected":false},"excerpt":{"rendered":"<p>En la conferencia de prensa realizada esta noche se informo sobre el segundo caso positivo de un representante de HCD. Dentro de los 26 casos recibidos uno de ellos pertenece a la edil Soledad Llull perteneciente al bloque de Frente de Todos que se encuentra aisladas desde el pasado domingo cuando empez\u00f3 a presentar s\u00edntomas. [&hellip;]<\/p>\n","protected":false},"author":4,"featured_media":79475,"comment_status":"open","ping_status":"closed","sticky":false,"template":"","format":"standard","meta":{"om_disable_all_campaigns":false,"_jetpack_memberships_contains_paid_content":false,"footnotes":""},"categories":[101,2],"tags":[197,808,696,33],"class_list":["post-79474","post","type-post","status-publish","format-standard","has-post-thumbnail","hentry","category-interes-general-locales","category-locales","tag-buenos-aires","tag-coronavirus","tag-interes-general","tag-locales"],"aioseo_notices":[],"gutentor_comment":0,"jetpack_featured_media_url":"https:\/\/eldiariodesanpedro.com.ar\/sitio\/wp-content\/uploads\/2020\/08\/27651238698_f66494c32a_o.jpg","jetpack_shortlink":"https:\/\/wp.me\/p6RhLt-kFQ","jetpack_sharing_enabled":true,"_links":{"self":[{"href":"https:\/\/eldiariodesanpedro.com.ar\/sitio\/wp-json\/wp\/v2\/posts\/79474","targetHints":{"allow":["GET"]}}],"collection":[{"href":"https:\/\/eldiariodesanpedro.com.ar\/sitio\/wp-json\/wp\/v2\/posts"}],"about":[{"href":"https:\/\/eldiariodesanpedro.com.ar\/sitio\/wp-json\/wp\/v2\/types\/post"}],"author":[{"embeddable":true,"href":"https:\/\/eldiariodesanpedro.com.ar\/sitio\/wp-json\/wp\/v2\/users\/4"}],"replies":[{"embeddable":true,"href":"https:\/\/eldiariodesanpedro.com.ar\/sitio\/wp-json\/wp\/v2\/comments?post=79474"}],"version-history":[{"count":3,"href":"https:\/\/eldiariodesanpedro.com.ar\/sitio\/wp-json\/wp\/v2\/posts\/79474\/revisions"}],"predecessor-version":[{"id":79478,"href":"https:\/\/eldiariodesanpedro.com.ar\/sitio\/wp-json\/wp\/v2\/posts\/79474\/revisions\/79478"}],"wp:featuredmedia":[{"embeddable":true,"href":"https:\/\/eldiariodesanpedro.com.ar\/sitio\/wp-json\/wp\/v2\/media\/79475"}],"wp:attachment":[{"href":"https:\/\/eldiariodesanpedro.com.ar\/sitio\/wp-json\/wp\/v2\/media?parent=79474"}],"wp:term":[{"taxonomy":"category","embeddable":true,"href":"https:\/\/eldiariodesanpedro.com.ar\/sitio\/wp-json\/wp\/v2\/categories?post=79474"},{"taxonomy":"post_tag","embeddable":true,"href":"https:\/\/eldiariodesanpedro.com.ar\/sitio\/wp-json\/wp\/v2\/tags?post=79474"}],"curies":[{"name":"wp","href":"https:\/\/api.w.org\/{rel}","templated":true}]}}