{"id":79413,"date":"2020-08-12T22:49:18","date_gmt":"2020-08-13T01:49:18","guid":{"rendered":"https:\/\/eldiariodesanpedro.com.ar\/sitio\/?p=79413"},"modified":"2020-08-12T22:49:21","modified_gmt":"2020-08-13T01:49:21","slug":"en-el-dia-de-hoy-se-recibieron-14-resultados-positivos","status":"publish","type":"post","link":"https:\/\/eldiariodesanpedro.com.ar\/sitio\/en-el-dia-de-hoy-se-recibieron-14-resultados-positivos\/","title":{"rendered":"En el d\u00eda de hoy se recibieron 14 resultados positivos"},"content":{"rendered":"<!-- VideographyWP Plugin Message: Automatic video embedding prevented by plugin options. -->\n\n<p>En el d\u00eda de hoy se recibieron 13 muestras del instituto Maiztegui  de los que resultaron 7 positivas, el resto corresponden a an\u00e1lisis realizados en institutos privados, que ya fueron informados en la ma\u00f1ana de hoy.<\/p>\n\n\n\n<p>La Secretar\u00eda de Salud de la Municipalidad de San Pedro informa los datos recibidos y procesados en el seguimiento de la Pandemia de Covid-19, hasta el momento.<\/p>\n\n\n\n<p>Resultados Positivos Totales: 14<\/p>\n\n\n\n<p>Laboratorios Privados: 7<\/p>\n\n\n\n<p>Un hombre de 63 a\u00f1os internado en el Hospital (nexo a determinar), una mujer de 60 a\u00f1os (nexo a determinar), un hombre de 53 (industria papelera), hombre de 39 (empresa alimenticia), mujer de 25 (empresa alimenticia), hombre de 25 a\u00f1os (industria papelera) y una mujer de 36 a\u00f1os (empleada de SADIV).<\/p>\n\n\n\n<p>Instituto Maiztegui: 7<\/p>\n\n\n\n<p>Se recibieron 13 resultados de muestras pendientes del env\u00edo del 6\/8 con siete casos positivos y seis negativos.<\/p>\n\n\n\n<p>Los positivos son:<br>Mujeres de 45 a\u00f1os (nexo a determinar), 55 a\u00f1os (contacto AMBA), 17 a\u00f1os (contacto AMBA), 31 (2) (contacto positivo). Hombres de 34 y 64 (contactos con trabajadores de salud)<\/p>\n\n\n\n<p>(Ampliaremos detalles en breve)<\/p>\n\n\n\n<p>En la jornada de hoy se enviaron 16 muestras<\/p>\n\n\n\n<p>Las mismas corresponden a:<\/p>\n\n\n\n<p>-7 mujeres de 19, 25, 26, 29, 38, 44 y 56 a\u00f1os.<\/p>\n\n\n\n<p>-9 hombres: un beb\u00e9 de 1 a\u00f1os y mayores de 19, 25, 28, 38, 44, 50(2) y 52 a\u00f1os.<\/p>\n\n\n\n<p>Les brindamos esta informaci\u00f3n para poder avanzar en la comunicaci\u00f3n de los datos primarios mientras se elabora la ampliaci\u00f3n correspondiente.<\/p>\n","protected":false},"excerpt":{"rendered":"<p>En el d\u00eda de hoy se recibieron 13 muestras del instituto Maiztegui de los que resultaron 7 positivas, el resto corresponden a an\u00e1lisis realizados en institutos privados, que ya fueron informados en la ma\u00f1ana de hoy. La Secretar\u00eda de Salud de la Municipalidad de San Pedro informa los datos recibidos y procesados en el seguimiento [&hellip;]<\/p>\n","protected":false},"author":4,"featured_media":78783,"comment_status":"open","ping_status":"closed","sticky":false,"template":"","format":"standard","meta":{"om_disable_all_campaigns":false,"_jetpack_memberships_contains_paid_content":false,"footnotes":""},"categories":[50,101,2],"tags":[197,808,696,33],"class_list":["post-79413","post","type-post","status-publish","format-standard","has-post-thumbnail","hentry","category-destacadas","category-interes-general-locales","category-locales","tag-buenos-aires","tag-coronavirus","tag-interes-general","tag-locales"],"aioseo_notices":[],"gutentor_comment":0,"jetpack_featured_media_url":"https:\/\/eldiariodesanpedro.com.ar\/sitio\/wp-content\/uploads\/2020\/08\/coronavirus-positivo-2.jpg","jetpack_shortlink":"https:\/\/wp.me\/p6RhLt-kER","jetpack_sharing_enabled":true,"_links":{"self":[{"href":"https:\/\/eldiariodesanpedro.com.ar\/sitio\/wp-json\/wp\/v2\/posts\/79413","targetHints":{"allow":["GET"]}}],"collection":[{"href":"https:\/\/eldiariodesanpedro.com.ar\/sitio\/wp-json\/wp\/v2\/posts"}],"about":[{"href":"https:\/\/eldiariodesanpedro.com.ar\/sitio\/wp-json\/wp\/v2\/types\/post"}],"author":[{"embeddable":true,"href":"https:\/\/eldiariodesanpedro.com.ar\/sitio\/wp-json\/wp\/v2\/users\/4"}],"replies":[{"embeddable":true,"href":"https:\/\/eldiariodesanpedro.com.ar\/sitio\/wp-json\/wp\/v2\/comments?post=79413"}],"version-history":[{"count":1,"href":"https:\/\/eldiariodesanpedro.com.ar\/sitio\/wp-json\/wp\/v2\/posts\/79413\/revisions"}],"predecessor-version":[{"id":79414,"href":"https:\/\/eldiariodesanpedro.com.ar\/sitio\/wp-json\/wp\/v2\/posts\/79413\/revisions\/79414"}],"wp:featuredmedia":[{"embeddable":true,"href":"https:\/\/eldiariodesanpedro.com.ar\/sitio\/wp-json\/wp\/v2\/media\/78783"}],"wp:attachment":[{"href":"https:\/\/eldiariodesanpedro.com.ar\/sitio\/wp-json\/wp\/v2\/media?parent=79413"}],"wp:term":[{"taxonomy":"category","embeddable":true,"href":"https:\/\/eldiariodesanpedro.com.ar\/sitio\/wp-json\/wp\/v2\/categories?post=79413"},{"taxonomy":"post_tag","embeddable":true,"href":"https:\/\/eldiariodesanpedro.com.ar\/sitio\/wp-json\/wp\/v2\/tags?post=79413"}],"curies":[{"name":"wp","href":"https:\/\/api.w.org\/{rel}","templated":true}]}}