{"id":79411,"date":"2020-08-12T18:40:01","date_gmt":"2020-08-12T21:40:01","guid":{"rendered":"https:\/\/eldiariodesanpedro.com.ar\/sitio\/?p=79411"},"modified":"2020-08-12T18:40:04","modified_gmt":"2020-08-12T21:40:04","slug":"arrecifes-coronavirus-se-informan-5-nuevos-casos-y-un-total-de-43","status":"publish","type":"post","link":"https:\/\/eldiariodesanpedro.com.ar\/sitio\/arrecifes-coronavirus-se-informan-5-nuevos-casos-y-un-total-de-43\/","title":{"rendered":"ARRECIFES | Coronavirus: Se informan 5 nuevos casos y un total de 43"},"content":{"rendered":"<!-- VideographyWP Plugin Message: Automatic video embedding prevented by plugin options. -->\n\n<p>A las 23:00 de este martes la Municipalidad de Arrecifes report\u00f3 un solo nuevo caso de coronavius en el d\u00eda, llegando a un total de 38. Y sorprendi\u00f3, puesto que desde el mediod\u00eda el Ministerio de Salud de la Provincia de Buenos Aires registraba un total de 42 positivos en nuestra ciudad.<\/p>\n\n\n\n<p>Pero a las 8:00 de este mi\u00e9rcoles, el Municipio local emiti\u00f3 un nuevo comunicado informando la existencia de otros cinco contagios, aclarando que \u201cen el d\u00eda de la fecha\u201d esa cantidad de hisopados arroj\u00f3 resultado positivo.<\/p>\n\n\n\n<p>Con estos n\u00fameros llegamos a 43 casos desde el inicio de la pandemia y 28 activos, pacientes que actualmente transitan la enfermedad.<\/p>\n\n\n\n<p>Entonces, seg\u00fan la Municipalidad de Arrecifes, la situaci\u00f3n epidemiol\u00f3gica del d\u00eda 12 de agosto a las 08:00 horas es la siguiente:<\/p>\n\n\n\n<ul class=\"wp-block-list\"><li>Veintiocho (28) casos activos de COVID-19.<\/li><li>Quince (15) casos recuperados.<\/li><\/ul>\n\n\n\n<p>.- TOTAL DE CASOS: 43 (cuarenta y tres)<\/p>\n\n\n\n<ul class=\"wp-block-list\"><li>Veintidos (22) casos en estudio.<\/li><li>Cuatro (4) casos descartados en el d\u00eda de la fecha.<br><\/li><\/ul>\n\n\n\n<p>Fuente: <a href=\"https:\/\/arrecifesnoticias.com\/sociedad\/coronavirus-ahora-arrecifes-informa-cinco-positivos-mas\/\">Arrecifes Noticias<\/a><\/p>\n","protected":false},"excerpt":{"rendered":"<p>A las 23:00 de este martes la Municipalidad de Arrecifes report\u00f3 un solo nuevo caso de coronavius en el d\u00eda, llegando a un total de 38. Y sorprendi\u00f3, puesto que desde el mediod\u00eda el Ministerio de Salud de la Provincia de Buenos Aires registraba un total de 42 positivos en nuestra ciudad. Pero a las [&hellip;]<\/p>\n","protected":false},"author":4,"featured_media":78983,"comment_status":"open","ping_status":"closed","sticky":false,"template":"","format":"standard","meta":{"om_disable_all_campaigns":false,"_jetpack_memberships_contains_paid_content":false,"footnotes":""},"categories":[621],"tags":[640,197,681],"class_list":["post-79411","post","type-post","status-publish","format-standard","has-post-thumbnail","hentry","category-regionales","tag-arrecifes","tag-buenos-aires","tag-regionales"],"aioseo_notices":[],"gutentor_comment":0,"jetpack_featured_media_url":"https:\/\/eldiariodesanpedro.com.ar\/sitio\/wp-content\/uploads\/2020\/08\/unnamed.jpg","jetpack_shortlink":"https:\/\/wp.me\/p6RhLt-kEP","jetpack_sharing_enabled":true,"_links":{"self":[{"href":"https:\/\/eldiariodesanpedro.com.ar\/sitio\/wp-json\/wp\/v2\/posts\/79411","targetHints":{"allow":["GET"]}}],"collection":[{"href":"https:\/\/eldiariodesanpedro.com.ar\/sitio\/wp-json\/wp\/v2\/posts"}],"about":[{"href":"https:\/\/eldiariodesanpedro.com.ar\/sitio\/wp-json\/wp\/v2\/types\/post"}],"author":[{"embeddable":true,"href":"https:\/\/eldiariodesanpedro.com.ar\/sitio\/wp-json\/wp\/v2\/users\/4"}],"replies":[{"embeddable":true,"href":"https:\/\/eldiariodesanpedro.com.ar\/sitio\/wp-json\/wp\/v2\/comments?post=79411"}],"version-history":[{"count":1,"href":"https:\/\/eldiariodesanpedro.com.ar\/sitio\/wp-json\/wp\/v2\/posts\/79411\/revisions"}],"predecessor-version":[{"id":79412,"href":"https:\/\/eldiariodesanpedro.com.ar\/sitio\/wp-json\/wp\/v2\/posts\/79411\/revisions\/79412"}],"wp:featuredmedia":[{"embeddable":true,"href":"https:\/\/eldiariodesanpedro.com.ar\/sitio\/wp-json\/wp\/v2\/media\/78983"}],"wp:attachment":[{"href":"https:\/\/eldiariodesanpedro.com.ar\/sitio\/wp-json\/wp\/v2\/media?parent=79411"}],"wp:term":[{"taxonomy":"category","embeddable":true,"href":"https:\/\/eldiariodesanpedro.com.ar\/sitio\/wp-json\/wp\/v2\/categories?post=79411"},{"taxonomy":"post_tag","embeddable":true,"href":"https:\/\/eldiariodesanpedro.com.ar\/sitio\/wp-json\/wp\/v2\/tags?post=79411"}],"curies":[{"name":"wp","href":"https:\/\/api.w.org\/{rel}","templated":true}]}}