{"id":79396,"date":"2020-08-12T18:19:34","date_gmt":"2020-08-12T21:19:34","guid":{"rendered":"https:\/\/eldiariodesanpedro.com.ar\/sitio\/?p=79396"},"modified":"2020-08-12T18:19:35","modified_gmt":"2020-08-12T21:19:35","slug":"baradero-con-el-cuento-del-ife-lo-estafaron-con-450000","status":"publish","type":"post","link":"https:\/\/eldiariodesanpedro.com.ar\/sitio\/baradero-con-el-cuento-del-ife-lo-estafaron-con-450000\/","title":{"rendered":"BARADERO | Con el cuento del IFE lo estafaron con $450000"},"content":{"rendered":"<!-- VideographyWP Plugin Message: Automatic video embedding prevented by plugin options. -->\n\n<p>Armindo Sache es un vecino de Lima que tambi\u00e9n reside en Baradero. D\u00edas atr\u00e1s lo estafaron con $450000 cuando le dijeron que su madre deb\u00eda cobrar 3 IFE, el cual no le corresponder\u00eda porque la mujer tiene jubilaci\u00f3n.<\/p>\n\n\n\n<p>\u201cMe llamaron por tel\u00e9fono diciendo que a mi madre le hab\u00edan habilitado 3 pagos del IFE, que anteriormente no le correspond\u00eda porque ya tiene jubilaci\u00f3n. Para cobrar eso ten\u00eda que habilitar el famoso \u201ctoken\u201d. Segu\u00ed el camino que me dec\u00edan y luego ellos entraron a la cuenta y me cambiaron todas las claves, los n\u00fameros de tel\u00e9fono y hasta el correo electr\u00f3nico\u201d, relataba Armindo sobre c\u00f3mo se dieron los hechos.<\/p>\n\n\n\n<p>\u201cMuch\u00edsimos de los usuarios de cajeros no sabemos que activando ese famoso \u201ctoken\u201d le habilitan a otra persona a que haga lo que quiere con su cuenta\u201d, finalizaba.<\/p>\n\n\n\n<p>Fuente: Tu Linea Directa<\/p>\n","protected":false},"excerpt":{"rendered":"<p>Armindo Sache es un vecino de Lima que tambi\u00e9n reside en Baradero. D\u00edas atr\u00e1s lo estafaron con $450000 cuando le dijeron que su madre deb\u00eda cobrar 3 IFE, el cual no le corresponder\u00eda porque la mujer tiene jubilaci\u00f3n. \u201cMe llamaron por tel\u00e9fono diciendo que a mi madre le hab\u00edan habilitado 3 pagos del IFE, que [&hellip;]<\/p>\n","protected":false},"author":4,"featured_media":79397,"comment_status":"open","ping_status":"closed","sticky":false,"template":"","format":"standard","meta":{"om_disable_all_campaigns":false,"_jetpack_memberships_contains_paid_content":false,"footnotes":""},"categories":[621],"tags":[139,197,1039,681],"class_list":["post-79396","post","type-post","status-publish","format-standard","has-post-thumbnail","hentry","category-regionales","tag-baradero","tag-buenos-aires","tag-cuento-del-tio","tag-regionales"],"aioseo_notices":[],"gutentor_comment":0,"jetpack_featured_media_url":"https:\/\/eldiariodesanpedro.com.ar\/sitio\/wp-content\/uploads\/2020\/08\/cajero.jpg","jetpack_shortlink":"https:\/\/wp.me\/p6RhLt-kEA","jetpack_sharing_enabled":true,"_links":{"self":[{"href":"https:\/\/eldiariodesanpedro.com.ar\/sitio\/wp-json\/wp\/v2\/posts\/79396","targetHints":{"allow":["GET"]}}],"collection":[{"href":"https:\/\/eldiariodesanpedro.com.ar\/sitio\/wp-json\/wp\/v2\/posts"}],"about":[{"href":"https:\/\/eldiariodesanpedro.com.ar\/sitio\/wp-json\/wp\/v2\/types\/post"}],"author":[{"embeddable":true,"href":"https:\/\/eldiariodesanpedro.com.ar\/sitio\/wp-json\/wp\/v2\/users\/4"}],"replies":[{"embeddable":true,"href":"https:\/\/eldiariodesanpedro.com.ar\/sitio\/wp-json\/wp\/v2\/comments?post=79396"}],"version-history":[{"count":1,"href":"https:\/\/eldiariodesanpedro.com.ar\/sitio\/wp-json\/wp\/v2\/posts\/79396\/revisions"}],"predecessor-version":[{"id":79398,"href":"https:\/\/eldiariodesanpedro.com.ar\/sitio\/wp-json\/wp\/v2\/posts\/79396\/revisions\/79398"}],"wp:featuredmedia":[{"embeddable":true,"href":"https:\/\/eldiariodesanpedro.com.ar\/sitio\/wp-json\/wp\/v2\/media\/79397"}],"wp:attachment":[{"href":"https:\/\/eldiariodesanpedro.com.ar\/sitio\/wp-json\/wp\/v2\/media?parent=79396"}],"wp:term":[{"taxonomy":"category","embeddable":true,"href":"https:\/\/eldiariodesanpedro.com.ar\/sitio\/wp-json\/wp\/v2\/categories?post=79396"},{"taxonomy":"post_tag","embeddable":true,"href":"https:\/\/eldiariodesanpedro.com.ar\/sitio\/wp-json\/wp\/v2\/tags?post=79396"}],"curies":[{"name":"wp","href":"https:\/\/api.w.org\/{rel}","templated":true}]}}