{"id":79393,"date":"2020-08-12T18:16:53","date_gmt":"2020-08-12T21:16:53","guid":{"rendered":"https:\/\/eldiariodesanpedro.com.ar\/sitio\/?p=79393"},"modified":"2020-08-12T18:16:58","modified_gmt":"2020-08-12T21:16:58","slug":"baradero-2-casos-positivos-de-coronavirus-en-la-fuerza-policial","status":"publish","type":"post","link":"https:\/\/eldiariodesanpedro.com.ar\/sitio\/baradero-2-casos-positivos-de-coronavirus-en-la-fuerza-policial\/","title":{"rendered":"BARADERO | 2 casos positivos de coronavirus en la fuerza policial"},"content":{"rendered":"<!-- VideographyWP Plugin Message: Automatic video embedding prevented by plugin options. -->\n\n<p>El Comisario Juan Cruz Acevedo, coment\u00f3 en #ContactoDirecto que hay 2 casos positivos de coronavirus en la fuerza policial; uno de ellos perteneciente a la Comisar\u00eda de la Mujer y otro de la estaci\u00f3n comunal.<\/p>\n\n\n\n<p>\u201cLos efectivos fueron presentando s\u00edntomas en el transcurso de la semana y fueron hisopadas el pasado lunes. Al ser considerados personal esencial los resultados del hisopado llegaron con inmediatez\u201d, inform\u00f3 el Comisario.<\/p>\n\n\n\n<p>\u201cCada oficina tiene su alcohol en gel y cumplimos con todos los elementos de prevenci\u00f3n. Pero en algo fallamos. Ahora nos vamos a ir acomodando con el personal como podemos\u201d.<\/p>\n\n\n\n<p>Tambi\u00e9n, nos adelant\u00f3 que en minutos el personal municipal se va a hacer presente en la comisar\u00eda para as\u00ed sanitizarla.<\/p>\n\n\n\n<p>Fuente: <a href=\"https:\/\/tulineadirecta.com\/2-casos-positivos-de-coronavirus-en-la-fuerza-policial\/\">Tu Linea Directa<\/a><\/p>\n","protected":false},"excerpt":{"rendered":"<p>El Comisario Juan Cruz Acevedo, coment\u00f3 en #ContactoDirecto que hay 2 casos positivos de coronavirus en la fuerza policial; uno de ellos perteneciente a la Comisar\u00eda de la Mujer y otro de la estaci\u00f3n comunal. \u201cLos efectivos fueron presentando s\u00edntomas en el transcurso de la semana y fueron hisopadas el pasado lunes. Al ser considerados [&hellip;]<\/p>\n","protected":false},"author":4,"featured_media":79394,"comment_status":"open","ping_status":"closed","sticky":false,"template":"","format":"standard","meta":{"om_disable_all_campaigns":false,"_jetpack_memberships_contains_paid_content":false,"footnotes":""},"categories":[621],"tags":[139,197,681],"class_list":["post-79393","post","type-post","status-publish","format-standard","has-post-thumbnail","hentry","category-regionales","tag-baradero","tag-buenos-aires","tag-regionales"],"aioseo_notices":[],"gutentor_comment":0,"jetpack_featured_media_url":"https:\/\/eldiariodesanpedro.com.ar\/sitio\/wp-content\/uploads\/2020\/08\/juan-cruz-acevedo-e1596802429470.jpg","jetpack_shortlink":"https:\/\/wp.me\/p6RhLt-kEx","jetpack_sharing_enabled":true,"_links":{"self":[{"href":"https:\/\/eldiariodesanpedro.com.ar\/sitio\/wp-json\/wp\/v2\/posts\/79393","targetHints":{"allow":["GET"]}}],"collection":[{"href":"https:\/\/eldiariodesanpedro.com.ar\/sitio\/wp-json\/wp\/v2\/posts"}],"about":[{"href":"https:\/\/eldiariodesanpedro.com.ar\/sitio\/wp-json\/wp\/v2\/types\/post"}],"author":[{"embeddable":true,"href":"https:\/\/eldiariodesanpedro.com.ar\/sitio\/wp-json\/wp\/v2\/users\/4"}],"replies":[{"embeddable":true,"href":"https:\/\/eldiariodesanpedro.com.ar\/sitio\/wp-json\/wp\/v2\/comments?post=79393"}],"version-history":[{"count":1,"href":"https:\/\/eldiariodesanpedro.com.ar\/sitio\/wp-json\/wp\/v2\/posts\/79393\/revisions"}],"predecessor-version":[{"id":79395,"href":"https:\/\/eldiariodesanpedro.com.ar\/sitio\/wp-json\/wp\/v2\/posts\/79393\/revisions\/79395"}],"wp:featuredmedia":[{"embeddable":true,"href":"https:\/\/eldiariodesanpedro.com.ar\/sitio\/wp-json\/wp\/v2\/media\/79394"}],"wp:attachment":[{"href":"https:\/\/eldiariodesanpedro.com.ar\/sitio\/wp-json\/wp\/v2\/media?parent=79393"}],"wp:term":[{"taxonomy":"category","embeddable":true,"href":"https:\/\/eldiariodesanpedro.com.ar\/sitio\/wp-json\/wp\/v2\/categories?post=79393"},{"taxonomy":"post_tag","embeddable":true,"href":"https:\/\/eldiariodesanpedro.com.ar\/sitio\/wp-json\/wp\/v2\/tags?post=79393"}],"curies":[{"name":"wp","href":"https:\/\/api.w.org\/{rel}","templated":true}]}}