{"id":79391,"date":"2020-08-12T18:10:51","date_gmt":"2020-08-12T21:10:51","guid":{"rendered":"https:\/\/eldiariodesanpedro.com.ar\/sitio\/?p=79391"},"modified":"2020-08-12T18:10:55","modified_gmt":"2020-08-12T21:10:55","slug":"la-corte-ordena-crear-un-comite-de-emergencia-ambiental","status":"publish","type":"post","link":"https:\/\/eldiariodesanpedro.com.ar\/sitio\/la-corte-ordena-crear-un-comite-de-emergencia-ambiental\/","title":{"rendered":"La Corte ordena crear un Comit\u00e9 de Emergencia Ambiental"},"content":{"rendered":"<!-- VideographyWP Plugin Message: Automatic video embedding prevented by plugin options. -->\n\n<p>La Corte Suprema de Justicia de la Naci\u00f3n requiri\u00f3 la creaci\u00f3n de un Comit\u00e9 de Emergencia Ambiental \u201cde manera inmediata\u201d para que adopte las medidas eficaces para la prevenci\u00f3n, control, y cesaci\u00f3n de los incendios irregulares, en la regi\u00f3n del Delta del Paran\u00e1.<\/p>\n\n\n\n<p>El m\u00e1ximo tribunal, con voto un\u00e1nime, se declar\u00f3 competente en una acci\u00f3n de amparo colectivo ambiental promovida por una asociaci\u00f3n civil (\u201cEqu\u00edstica Defensa del Medio Ambiente\u201d) contra el Estado Nacional, las provincias de Santa Fe y Entre R\u00edos, y las municipalidades de Rosario y Victoria.<\/p>\n\n\n\n<p>A criterio de la Corte, existe prueba suficiente, de car\u00e1cter p\u00fablico y notorio, de que los incendios irregulares en los t\u00e9rminos de la ley 26.562, masivos y reiterados en el Delta del Paran\u00e1 han adquirido una dimensi\u00f3n que causa alarma en la poblaci\u00f3n y una grave amenaza al ambiente.<\/p>\n\n\n\n<p>Habida cuenta del sector donde se concentran los incendios denunciados, decidi\u00f3 citar a la Provincia de Buenos Aires y dispuso, como medida cautelar, que ese Estado provincial, as\u00ed como las provincias y municipios demandados constituyan, de manera inmediata, un Comit\u00e9 de Emergencia Ambiental.<\/p>\n\n\n\n<p>Orden\u00f3, adem\u00e1s, que dicho Comit\u00e9 adopte medidas para la prevenci\u00f3n, control, y cesaci\u00f3n de los incendios irregulares en la regi\u00f3n del Delta del Paran\u00e1, utilizando las bases del \u201cPlan Integral Estrat\u00e9gico de Conservaci\u00f3n y Aprovechamiento Sostenible en el Delta del Paran\u00e1\u201d (PIECAS-DP) de 2009, que contiene entre sus cometidos la problem\u00e1tica de los incendios<\/p>\n\n\n\n<p>Y, adem\u00e1s, que en 15 d\u00edas corridos presenten un informe sobre la constituci\u00f3n del Comit\u00e9 de Emergencia Ambiental y las acciones efectuadas. La Corte consider\u00f3 que existen suficientes elementos para tener por acreditado que los referidos incendios, si bien constituyen una pr\u00e1ctica antigua, adquirieron una dimensi\u00f3n que afecta a todo el ecosistema y la salud de la poblaci\u00f3n.<\/p>\n\n\n\n<p>Seg\u00fan se destac\u00f3, el Delta del Paran\u00e1 es un inmenso humedal y, como tal, adem\u00e1s de albergar una rica diversidad biol\u00f3gica, es un ecosistema vulnerable que necesita protecci\u00f3n.<\/p>\n","protected":false},"excerpt":{"rendered":"<p>La Corte Suprema de Justicia de la Naci\u00f3n requiri\u00f3 la creaci\u00f3n de un Comit\u00e9 de Emergencia Ambiental \u201cde manera inmediata\u201d para que adopte las medidas eficaces para la prevenci\u00f3n, control, y cesaci\u00f3n de los incendios irregulares, en la regi\u00f3n del Delta del Paran\u00e1. El m\u00e1ximo tribunal, con voto un\u00e1nime, se declar\u00f3 competente en una acci\u00f3n [&hellip;]<\/p>\n","protected":false},"author":4,"featured_media":77881,"comment_status":"open","ping_status":"closed","sticky":false,"template":"","format":"standard","meta":{"om_disable_all_campaigns":false,"_jetpack_memberships_contains_paid_content":false,"footnotes":""},"categories":[621],"tags":[197,1545,290,329,681],"class_list":["post-79391","post","type-post","status-publish","format-standard","has-post-thumbnail","hentry","category-regionales","tag-buenos-aires","tag-fuego","tag-islas","tag-provincia","tag-regionales"],"aioseo_notices":[],"gutentor_comment":0,"jetpack_featured_media_url":"https:\/\/eldiariodesanpedro.com.ar\/sitio\/wp-content\/uploads\/2020\/07\/DSC_0057-scaled-e1594931122511.jpg","jetpack_shortlink":"https:\/\/wp.me\/p6RhLt-kEv","jetpack_sharing_enabled":true,"_links":{"self":[{"href":"https:\/\/eldiariodesanpedro.com.ar\/sitio\/wp-json\/wp\/v2\/posts\/79391","targetHints":{"allow":["GET"]}}],"collection":[{"href":"https:\/\/eldiariodesanpedro.com.ar\/sitio\/wp-json\/wp\/v2\/posts"}],"about":[{"href":"https:\/\/eldiariodesanpedro.com.ar\/sitio\/wp-json\/wp\/v2\/types\/post"}],"author":[{"embeddable":true,"href":"https:\/\/eldiariodesanpedro.com.ar\/sitio\/wp-json\/wp\/v2\/users\/4"}],"replies":[{"embeddable":true,"href":"https:\/\/eldiariodesanpedro.com.ar\/sitio\/wp-json\/wp\/v2\/comments?post=79391"}],"version-history":[{"count":1,"href":"https:\/\/eldiariodesanpedro.com.ar\/sitio\/wp-json\/wp\/v2\/posts\/79391\/revisions"}],"predecessor-version":[{"id":79392,"href":"https:\/\/eldiariodesanpedro.com.ar\/sitio\/wp-json\/wp\/v2\/posts\/79391\/revisions\/79392"}],"wp:featuredmedia":[{"embeddable":true,"href":"https:\/\/eldiariodesanpedro.com.ar\/sitio\/wp-json\/wp\/v2\/media\/77881"}],"wp:attachment":[{"href":"https:\/\/eldiariodesanpedro.com.ar\/sitio\/wp-json\/wp\/v2\/media?parent=79391"}],"wp:term":[{"taxonomy":"category","embeddable":true,"href":"https:\/\/eldiariodesanpedro.com.ar\/sitio\/wp-json\/wp\/v2\/categories?post=79391"},{"taxonomy":"post_tag","embeddable":true,"href":"https:\/\/eldiariodesanpedro.com.ar\/sitio\/wp-json\/wp\/v2\/tags?post=79391"}],"curies":[{"name":"wp","href":"https:\/\/api.w.org\/{rel}","templated":true}]}}