{"id":79356,"date":"2020-08-12T11:12:34","date_gmt":"2020-08-12T14:12:34","guid":{"rendered":"https:\/\/eldiariodesanpedro.com.ar\/sitio\/?p=79356"},"modified":"2020-08-12T11:29:07","modified_gmt":"2020-08-12T14:29:07","slug":"san-pedro-tendra-el-primer-cluster-del-pais-para-la-produccion-integral-del-cannabis","status":"publish","type":"post","link":"https:\/\/eldiariodesanpedro.com.ar\/sitio\/san-pedro-tendra-el-primer-cluster-del-pais-para-la-produccion-integral-del-cannabis\/","title":{"rendered":"San Pedro tendr\u00e1 el primer cl\u00faster del pa\u00eds para la producci\u00f3n integral del cannabis"},"content":{"rendered":"<!-- VideographyWP Plugin Message: Automatic video embedding prevented by plugin options. -->\n\n<p>El municipio de San Pedro y la empresa CL\u00daSTER CANN\u00c1BICO firmaron una carta de intenci\u00f3n para desarrollar, de manera conjunta, el primer Parque Industrial para la Producci\u00f3n Integral del Cannabis y sus derivados.<\/p>\n\n\n\n<p>La iniciativa, del tipo p\u00fablico-privado, se inscribe en el marco de la Ley 27.350\/17 y su reglamentaci\u00f3n, que habilita en el pa\u00eds la producci\u00f3n, investigaci\u00f3n cient\u00edfico-medicinal y uso terap\u00e9utico y paliativo de la planta de cannabis.<\/p>\n\n\n\n<p>El Intendente de San Pedro, Cecilio Salazar, que ha sido uno de los primeros en establecer diferentes l\u00edneas de acci\u00f3n para posicionar a su ciudad dentro de las que avanzan con esta iniciativa tan importante para la salud, remarc\u00f3 que la regi\u00f3n cuenta con importantes ventajas.<\/p>\n\n\n\n<p>\u00abEstamos cerca de los puertos m\u00e1s importantes del pa\u00eds, contamos con profesionales y mano de obra calificada en cultivos intensivos y tenemos muchas esperanzas en la reactivaci\u00f3n del sector agroindustrial por su rol dentro de la econom\u00eda del partido, generando muchos puestos de trabajo\u00bb, se\u00f1al\u00f3.<\/p>\n\n\n\n<p>San Pedro cuenta con condiciones de suelo y clima, accesos directos desde los principales centros urbanos y una importante infraestructura hotelera, que potenciar\u00e1n desde esta plataforma toda la producci\u00f3n de cannabis y su cadena de valor.<\/p>\n\n\n\n<p>\u00abLa comunidad sampedrina se ha mostrado muy interesada en este tema desde que comenzamos a plantearlo y existe un gran inter\u00e9s para que se avance, porque son muchos los casos de familias que hoy est\u00e1n encontrando&nbsp; respuestas positivas con este tipo de tratamientos\u00bb, se\u00f1al\u00f3 el Intendente.<\/p>\n\n\n\n<p>El parque industrial que propone Cl\u00faster Cannabico, ofrecer\u00e1 condiciones favorables para la radicaci\u00f3n de empresas, al mismo tiempo que funcionar\u00e1 como un ecosistema que integre toda la cadena de valor, investigaci\u00f3n y servicios para la producci\u00f3n controlada, legal y segura del cannabis y sus derivados.<\/p>\n\n\n\n<p>El parque estar\u00e1 integrado por empresas privadas, buscando articular con el sector acad\u00e9mico y continuar los v\u00ednculos con los organismos p\u00fablicos para asegurar todas las condiciones de seguridad que exige esta actividad.<\/p>\n\n\n\n<p>Adem\u00e1s del uso terap\u00e9utico o medicinal, los derivados de cannabis se utilizan en alimentos, cosm\u00e9tica, textiles, materiales de construcci\u00f3n, y biopl\u00e1sticos, entre otros.<\/p>\n\n\n\n<p>Como se ha venido exponiendo desde hace tiempo, su desarrollo tiene un enorme potencial econ\u00f3mico y de generaci\u00f3n de fuentes de trabajo, en la regi\u00f3n y en todo el mundo, en la medida en que la legalizaci\u00f3n avanza.<\/p>\n\n\n\n<p>El proyecto del&nbsp;<strong>Cl\u00faster Cann\u00e1bico San Pedro<\/strong>&nbsp;se compromete, adem\u00e1s, a albergar a las organizaciones de la sociedad civil interesadas en llevar adelante cultivos comunitarios, solidarios y en red, para garantizar as\u00ed el acceso a fitopreparados medicinales accesibles, seguros y legales, con el necesario monitoreo y trazabilidad de los mismos por parte de las autoridades.<\/p>\n\n\n\n<p>\u201cEste es probablemente uno de los proyectos de cannabis m\u00e1s ambiciosos de Am\u00e9rica Latina, donde el Estado asume un rol central como articulador, facilitador y ordenador de la actividad y genera los incentivos adecuados para que los privados encuentren el ambiente m\u00e1s propicio para desarrollar sus actividades: innovar, generar valor agregado, producir y salir a poner a Argentina en un lugar importante en la industria del cannabis a nivel global\u201d dijo Pablo Fazio, Presidente del Cl\u00faster Cann\u00e1bico.<\/p>\n\n\n\n<p>El\u00a0<strong>Cl\u00faster Cann\u00e1bico en San Pedro<\/strong>\u00a0requerir\u00e1 de un predio de amplias dimensiones y en tanto vaya avanzando en sus etapas podr\u00e1 generar una importante cantidad de empleos directos e indirectos en la regi\u00f3n.<\/p>\n\n\n\n<p>ASi lo informaron el sector de prensa de la empresa <a rel=\"noreferrer noopener\" href=\"https:\/\/www.clustercannabico.com.ar\/\" target=\"_blank\"><em>https:\/\/www.clustercannabico.com.ar<\/em><\/a> <\/p>\n\n\n\n<figure class=\"wp-block-image size-large\"><img decoding=\"async\" width=\"1024\" height=\"1024\" data-attachment-id=\"79358\" data-permalink=\"https:\/\/eldiariodesanpedro.com.ar\/sitio\/san-pedro-tendra-el-primer-cluster-del-pais-para-la-produccion-integral-del-cannabis\/firma-convenio-1\/\" data-orig-file=\"https:\/\/eldiariodesanpedro.com.ar\/sitio\/wp-content\/uploads\/2020\/08\/firma-convenio-1.jpg\" data-orig-size=\"1830,1830\" data-comments-opened=\"1\" data-image-meta=\"{&quot;aperture&quot;:&quot;1.7&quot;,&quot;credit&quot;:&quot;&quot;,&quot;camera&quot;:&quot;SM-G950F&quot;,&quot;caption&quot;:&quot;&quot;,&quot;created_timestamp&quot;:&quot;1596556492&quot;,&quot;copyright&quot;:&quot;&quot;,&quot;focal_length&quot;:&quot;4.2&quot;,&quot;iso&quot;:&quot;160&quot;,&quot;shutter_speed&quot;:&quot;0.03030303030303&quot;,&quot;title&quot;:&quot;&quot;,&quot;orientation&quot;:&quot;0&quot;}\" data-image-title=\"firma convenio 1\" data-image-description=\"\" data-image-caption=\"\" data-large-file=\"https:\/\/eldiariodesanpedro.com.ar\/sitio\/wp-content\/uploads\/2020\/08\/firma-convenio-1-1024x1024.jpg\" data-src=\"https:\/\/eldiariodesanpedro.com.ar\/sitio\/wp-content\/uploads\/2020\/08\/firma-convenio-1-1024x1024.jpg\" alt=\"\" class=\"wp-image-79358 lazyload\" data-srcset=\"https:\/\/eldiariodesanpedro.com.ar\/sitio\/wp-content\/uploads\/2020\/08\/firma-convenio-1-1024x1024.jpg 1024w, https:\/\/eldiariodesanpedro.com.ar\/sitio\/wp-content\/uploads\/2020\/08\/firma-convenio-1-300x300.jpg 300w, https:\/\/eldiariodesanpedro.com.ar\/sitio\/wp-content\/uploads\/2020\/08\/firma-convenio-1-150x150.jpg 150w, https:\/\/eldiariodesanpedro.com.ar\/sitio\/wp-content\/uploads\/2020\/08\/firma-convenio-1-768x768.jpg 768w, https:\/\/eldiariodesanpedro.com.ar\/sitio\/wp-content\/uploads\/2020\/08\/firma-convenio-1-1536x1536.jpg 1536w, https:\/\/eldiariodesanpedro.com.ar\/sitio\/wp-content\/uploads\/2020\/08\/firma-convenio-1.jpg 1830w\" data-sizes=\"(max-width: 1024px) 100vw, 1024px\" src=\"data:image\/svg+xml;base64,PHN2ZyB3aWR0aD0iMSIgaGVpZ2h0PSIxIiB4bWxucz0iaHR0cDovL3d3dy53My5vcmcvMjAwMC9zdmciPjwvc3ZnPg==\" style=\"--smush-placeholder-width: 1024px; --smush-placeholder-aspect-ratio: 1024\/1024;\" \/><\/figure>\n\n\n<a href=\"https:\/\/eldiariodesanpedro.com.ar\/sitio\/wp-content\/uploads\/2020\/08\/CLUSTER_SanPedro_LOGO.pdf\" class=\"pdfemb-viewer\" style=\"\" data-width=\"max\" data-height=\"max\" data-toolbar=\"bottom\" data-toolbar-fixed=\"off\">CLUSTER_SanPedro_LOGO<\/a>\n<p class=\"wp-block-pdfemb-pdf-embedder-viewer\"><\/p>\n","protected":false},"excerpt":{"rendered":"<p>El municipio de San Pedro y la empresa CL\u00daSTER CANN\u00c1BICO firmaron una carta de intenci\u00f3n para desarrollar, de manera conjunta, el primer Parque Industrial para la Producci\u00f3n Integral del Cannabis y sus derivados. La iniciativa, del tipo p\u00fablico-privado, se inscribe en el marco de la Ley 27.350\/17 y su reglamentaci\u00f3n, que habilita en el pa\u00eds [&hellip;]<\/p>\n","protected":false},"author":4,"featured_media":79357,"comment_status":"open","ping_status":"closed","sticky":false,"template":"","format":"standard","meta":{"om_disable_all_campaigns":false,"_jetpack_memberships_contains_paid_content":false,"footnotes":""},"categories":[50,101,2],"tags":[],"class_list":["post-79356","post","type-post","status-publish","format-standard","has-post-thumbnail","hentry","category-destacadas","category-interes-general-locales","category-locales"],"aioseo_notices":[],"gutentor_comment":0,"jetpack_featured_media_url":"https:\/\/eldiariodesanpedro.com.ar\/sitio\/wp-content\/uploads\/2020\/08\/618358_1.jpg","jetpack_shortlink":"https:\/\/wp.me\/p6RhLt-kDW","jetpack_sharing_enabled":true,"_links":{"self":[{"href":"https:\/\/eldiariodesanpedro.com.ar\/sitio\/wp-json\/wp\/v2\/posts\/79356","targetHints":{"allow":["GET"]}}],"collection":[{"href":"https:\/\/eldiariodesanpedro.com.ar\/sitio\/wp-json\/wp\/v2\/posts"}],"about":[{"href":"https:\/\/eldiariodesanpedro.com.ar\/sitio\/wp-json\/wp\/v2\/types\/post"}],"author":[{"embeddable":true,"href":"https:\/\/eldiariodesanpedro.com.ar\/sitio\/wp-json\/wp\/v2\/users\/4"}],"replies":[{"embeddable":true,"href":"https:\/\/eldiariodesanpedro.com.ar\/sitio\/wp-json\/wp\/v2\/comments?post=79356"}],"version-history":[{"count":5,"href":"https:\/\/eldiariodesanpedro.com.ar\/sitio\/wp-json\/wp\/v2\/posts\/79356\/revisions"}],"predecessor-version":[{"id":79364,"href":"https:\/\/eldiariodesanpedro.com.ar\/sitio\/wp-json\/wp\/v2\/posts\/79356\/revisions\/79364"}],"wp:featuredmedia":[{"embeddable":true,"href":"https:\/\/eldiariodesanpedro.com.ar\/sitio\/wp-json\/wp\/v2\/media\/79357"}],"wp:attachment":[{"href":"https:\/\/eldiariodesanpedro.com.ar\/sitio\/wp-json\/wp\/v2\/media?parent=79356"}],"wp:term":[{"taxonomy":"category","embeddable":true,"href":"https:\/\/eldiariodesanpedro.com.ar\/sitio\/wp-json\/wp\/v2\/categories?post=79356"},{"taxonomy":"post_tag","embeddable":true,"href":"https:\/\/eldiariodesanpedro.com.ar\/sitio\/wp-json\/wp\/v2\/tags?post=79356"}],"curies":[{"name":"wp","href":"https:\/\/api.w.org\/{rel}","templated":true}]}}