{"id":79351,"date":"2020-08-12T10:59:36","date_gmt":"2020-08-12T13:59:36","guid":{"rendered":"https:\/\/eldiariodesanpedro.com.ar\/sitio\/?p=79351"},"modified":"2020-08-12T11:08:23","modified_gmt":"2020-08-12T14:08:23","slug":"coronavirus-se-informan-seis-nuevos-positivos-por-parte-de-laboratorios-privados","status":"publish","type":"post","link":"https:\/\/eldiariodesanpedro.com.ar\/sitio\/coronavirus-se-informan-seis-nuevos-positivos-por-parte-de-laboratorios-privados\/","title":{"rendered":"Coronavirus: Se informan seis nuevos positivos por parte de laboratorios privados"},"content":{"rendered":"<!-- VideographyWP Plugin Message: Automatic video embedding prevented by plugin options. -->\n\n<p>La Secretar\u00eda de Salud de la Municipalidad de San Pedro informa, como adelanto del reporte nocturno que se han confirmado seis nuevos resultados positivos recibidos desde el laboratorio privado que procesa muestras realizadas en el Hospital SADIV.<\/p>\n\n\n\n<p>Se comunicaron resultados correspondientes a 25 muestras enviadas el lunes 10 de agosto.<\/p>\n\n\n\n<p>Los casos positivos son, un hombre de 63 a\u00f1os internado en el Hospital (nexo a determinar), una mujer de 60 a\u00f1os (nexo a determinar), un hombre de 53 (industria papelera), hombre de 39 (empresa alimenticia), mujer de 25 (empresa alimenticia) y una mujer de 36 a\u00f1os (empleada de SADIV).<\/p>\n\n\n\n<p>Cuando se reciban los datos correspondientes a las muestras pendientes desde el Laboratorio Maiztegui. se elaborar\u00e1 el reporte oficial del d\u00eda.<\/p>\n\n\n\n<p>Los n\u00fameros de la ciudad a la ma\u00f1ana de hoy mi\u00e9rcoles son los siguientes.<\/p>\n\n\n\n<p>RESUMEN<br>Nuevas muestras enviadas: 0<br>Muestras Pendientes: 115<br>Nuevas muestras negativas: 0<br>Nuevos Casos Positivos: 0<br>Total de confirmados: 274<br>Total de casos activos: 72<br>Total de casos recuperados: 191<br>Total de casos fallecidos: 12<br>Total de muestras negativas: 561<\/p>\n","protected":false},"excerpt":{"rendered":"<p>La Secretar\u00eda de Salud de la Municipalidad de San Pedro informa, como adelanto del reporte nocturno que se han confirmado seis nuevos resultados positivos recibidos desde el laboratorio privado que procesa muestras realizadas en el Hospital SADIV. Se comunicaron resultados correspondientes a 25 muestras enviadas el lunes 10 de agosto. Los casos positivos son, un [&hellip;]<\/p>\n","protected":false},"author":4,"featured_media":79200,"comment_status":"open","ping_status":"closed","sticky":false,"template":"","format":"standard","meta":{"om_disable_all_campaigns":false,"_jetpack_memberships_contains_paid_content":false,"footnotes":""},"categories":[50,101,2],"tags":[197,808,696,33],"class_list":["post-79351","post","type-post","status-publish","format-standard","has-post-thumbnail","hentry","category-destacadas","category-interes-general-locales","category-locales","tag-buenos-aires","tag-coronavirus","tag-interes-general","tag-locales"],"aioseo_notices":[],"gutentor_comment":0,"jetpack_featured_media_url":"https:\/\/eldiariodesanpedro.com.ar\/sitio\/wp-content\/uploads\/2020\/08\/FTRRV773PNB3RI4W5LP3O7ZVUI.jpg","jetpack_shortlink":"https:\/\/wp.me\/p6RhLt-kDR","jetpack_sharing_enabled":true,"_links":{"self":[{"href":"https:\/\/eldiariodesanpedro.com.ar\/sitio\/wp-json\/wp\/v2\/posts\/79351","targetHints":{"allow":["GET"]}}],"collection":[{"href":"https:\/\/eldiariodesanpedro.com.ar\/sitio\/wp-json\/wp\/v2\/posts"}],"about":[{"href":"https:\/\/eldiariodesanpedro.com.ar\/sitio\/wp-json\/wp\/v2\/types\/post"}],"author":[{"embeddable":true,"href":"https:\/\/eldiariodesanpedro.com.ar\/sitio\/wp-json\/wp\/v2\/users\/4"}],"replies":[{"embeddable":true,"href":"https:\/\/eldiariodesanpedro.com.ar\/sitio\/wp-json\/wp\/v2\/comments?post=79351"}],"version-history":[{"count":2,"href":"https:\/\/eldiariodesanpedro.com.ar\/sitio\/wp-json\/wp\/v2\/posts\/79351\/revisions"}],"predecessor-version":[{"id":79355,"href":"https:\/\/eldiariodesanpedro.com.ar\/sitio\/wp-json\/wp\/v2\/posts\/79351\/revisions\/79355"}],"wp:featuredmedia":[{"embeddable":true,"href":"https:\/\/eldiariodesanpedro.com.ar\/sitio\/wp-json\/wp\/v2\/media\/79200"}],"wp:attachment":[{"href":"https:\/\/eldiariodesanpedro.com.ar\/sitio\/wp-json\/wp\/v2\/media?parent=79351"}],"wp:term":[{"taxonomy":"category","embeddable":true,"href":"https:\/\/eldiariodesanpedro.com.ar\/sitio\/wp-json\/wp\/v2\/categories?post=79351"},{"taxonomy":"post_tag","embeddable":true,"href":"https:\/\/eldiariodesanpedro.com.ar\/sitio\/wp-json\/wp\/v2\/tags?post=79351"}],"curies":[{"name":"wp","href":"https:\/\/api.w.org\/{rel}","templated":true}]}}