{"id":79348,"date":"2020-08-12T10:45:51","date_gmt":"2020-08-12T13:45:51","guid":{"rendered":"https:\/\/eldiariodesanpedro.com.ar\/sitio\/?p=79348"},"modified":"2020-08-12T11:07:43","modified_gmt":"2020-08-12T14:07:43","slug":"elisa-ferraro-dio-positivo-de-coronavirus","status":"publish","type":"post","link":"https:\/\/eldiariodesanpedro.com.ar\/sitio\/elisa-ferraro-dio-positivo-de-coronavirus\/","title":{"rendered":"Elisa Ferraro dio positivo de Coronavirus"},"content":{"rendered":"<!-- VideographyWP Plugin Message: Automatic video embedding prevented by plugin options. -->\n\n<p>La concejala perteneciente al bloque Juntos por el Cambio confirmo esta ma\u00f1ana que recibi\u00f3 el resultado enviado a un instituto privado donde se pudo determinar que se encuentra cursando la enfermedad.<\/p>\n\n\n\n<p>Ferraro se desempa\u00f1a como empleada en la cl\u00ednica de d\u00eda de Sadiv, lugar donde pudo haber contra\u00eddo el virus teniendo en cuenta que varias personas dieron positivos en esa instituci\u00f3n.<\/p>\n\n\n\n<p>Afortunadamente la edil se encuentra en buen estado de salud y se aisl\u00f3 preventivamente con su familia el pasado domingo cuando comenz\u00f3 a sentir los s\u00edntomas compatibles, sobre todo la perdida de olfato y gusto.<\/p>\n\n\n\n<p>Ahora deber\u00e1 permanecer en aislamiento hasta recibir el alta medica tras 10 d\u00edas sin presentar s\u00edntomas.<\/p>\n\n\n\n<p>Con este serian hasta el momento 72 casos activos y 275 casos en total en nuestra ciudad hasta el d\u00eda de hoy, y restan 118 resultados en el Instituto Maiztequi.<\/p>\n\n\n\n<p>Foto: Noticias San pedro<\/p>\n","protected":false},"excerpt":{"rendered":"<p>La concejala perteneciente al bloque Juntos por el Cambio confirmo esta ma\u00f1ana que recibi\u00f3 el resultado enviado a un instituto privado donde se pudo determinar que se encuentra cursando la enfermedad. Ferraro se desempa\u00f1a como empleada en la cl\u00ednica de d\u00eda de Sadiv, lugar donde pudo haber contra\u00eddo el virus teniendo en cuenta que varias [&hellip;]<\/p>\n","protected":false},"author":4,"featured_media":79349,"comment_status":"open","ping_status":"closed","sticky":false,"template":"","format":"standard","meta":{"om_disable_all_campaigns":false,"_jetpack_memberships_contains_paid_content":false,"footnotes":""},"categories":[101,2],"tags":[197,808,696,33,1250],"class_list":["post-79348","post","type-post","status-publish","format-standard","has-post-thumbnail","hentry","category-interes-general-locales","category-locales","tag-buenos-aires","tag-coronavirus","tag-interes-general","tag-locales","tag-positivos"],"aioseo_notices":[],"gutentor_comment":0,"jetpack_featured_media_url":"https:\/\/eldiariodesanpedro.com.ar\/sitio\/wp-content\/uploads\/2020\/08\/Elisa-Ferraro-sola.png","jetpack_shortlink":"https:\/\/wp.me\/p6RhLt-kDO","jetpack_sharing_enabled":true,"_links":{"self":[{"href":"https:\/\/eldiariodesanpedro.com.ar\/sitio\/wp-json\/wp\/v2\/posts\/79348","targetHints":{"allow":["GET"]}}],"collection":[{"href":"https:\/\/eldiariodesanpedro.com.ar\/sitio\/wp-json\/wp\/v2\/posts"}],"about":[{"href":"https:\/\/eldiariodesanpedro.com.ar\/sitio\/wp-json\/wp\/v2\/types\/post"}],"author":[{"embeddable":true,"href":"https:\/\/eldiariodesanpedro.com.ar\/sitio\/wp-json\/wp\/v2\/users\/4"}],"replies":[{"embeddable":true,"href":"https:\/\/eldiariodesanpedro.com.ar\/sitio\/wp-json\/wp\/v2\/comments?post=79348"}],"version-history":[{"count":2,"href":"https:\/\/eldiariodesanpedro.com.ar\/sitio\/wp-json\/wp\/v2\/posts\/79348\/revisions"}],"predecessor-version":[{"id":79354,"href":"https:\/\/eldiariodesanpedro.com.ar\/sitio\/wp-json\/wp\/v2\/posts\/79348\/revisions\/79354"}],"wp:featuredmedia":[{"embeddable":true,"href":"https:\/\/eldiariodesanpedro.com.ar\/sitio\/wp-json\/wp\/v2\/media\/79349"}],"wp:attachment":[{"href":"https:\/\/eldiariodesanpedro.com.ar\/sitio\/wp-json\/wp\/v2\/media?parent=79348"}],"wp:term":[{"taxonomy":"category","embeddable":true,"href":"https:\/\/eldiariodesanpedro.com.ar\/sitio\/wp-json\/wp\/v2\/categories?post=79348"},{"taxonomy":"post_tag","embeddable":true,"href":"https:\/\/eldiariodesanpedro.com.ar\/sitio\/wp-json\/wp\/v2\/tags?post=79348"}],"curies":[{"name":"wp","href":"https:\/\/api.w.org\/{rel}","templated":true}]}}