{"id":79345,"date":"2020-08-12T10:33:12","date_gmt":"2020-08-12T13:33:12","guid":{"rendered":"https:\/\/eldiariodesanpedro.com.ar\/sitio\/?p=79345"},"modified":"2020-08-12T10:33:16","modified_gmt":"2020-08-12T13:33:16","slug":"este-lunes-se-realizara-la-marcha-del-17a","status":"publish","type":"post","link":"https:\/\/eldiariodesanpedro.com.ar\/sitio\/este-lunes-se-realizara-la-marcha-del-17a\/","title":{"rendered":"Este lunes se realizara la marcha del #17A"},"content":{"rendered":"<!-- VideographyWP Plugin Message: Automatic video embedding prevented by plugin options. -->\n\n<p>Este pr\u00f3ximo lunes se realizar\u00e1 una adhesi\u00f3n a la marcha nacional \u201cpor la Rep\u00fablica y por la Libertad\u201d.<\/p>\n\n\n\n<p>El sector de oposici\u00f3n al Gobierno Nacional convoc\u00f3 en todo el pa\u00eds para este lunes 17 de agosto a partir de las 16 hs a marchar en contra de las pol\u00edticas realizadas por el gobierno de turno.<\/p>\n\n\n\n<p>En San Pedro dar\u00e1 comienzo desde la Plaza Constituci\u00f3n recorriendo las calles de la ciudad en autom\u00f3vil.<\/p>\n\n\n\n<p>\u00abHonraremos al Padre de la Patria defendiendo sus valores m\u00e1s unidos que nunca\u00bb expresa la convocatoria realizada a trav\u00e9s de las redes sociales.<\/p>\n","protected":false},"excerpt":{"rendered":"<p>Este pr\u00f3ximo lunes se realizar\u00e1 una adhesi\u00f3n a la marcha nacional \u201cpor la Rep\u00fablica y por la Libertad\u201d. El sector de oposici\u00f3n al Gobierno Nacional convoc\u00f3 en todo el pa\u00eds para este lunes 17 de agosto a partir de las 16 hs a marchar en contra de las pol\u00edticas realizadas por el gobierno de turno. [&hellip;]<\/p>\n","protected":false},"author":4,"featured_media":79346,"comment_status":"open","ping_status":"closed","sticky":false,"template":"","format":"standard","meta":{"om_disable_all_campaigns":false,"_jetpack_memberships_contains_paid_content":false,"footnotes":""},"categories":[101,2],"tags":[],"class_list":["post-79345","post","type-post","status-publish","format-standard","has-post-thumbnail","hentry","category-interes-general-locales","category-locales"],"aioseo_notices":[],"gutentor_comment":0,"jetpack_featured_media_url":"https:\/\/eldiariodesanpedro.com.ar\/sitio\/wp-content\/uploads\/2020\/08\/Marcha-por-la-libertad.jpg","jetpack_shortlink":"https:\/\/wp.me\/p6RhLt-kDL","jetpack_sharing_enabled":true,"_links":{"self":[{"href":"https:\/\/eldiariodesanpedro.com.ar\/sitio\/wp-json\/wp\/v2\/posts\/79345","targetHints":{"allow":["GET"]}}],"collection":[{"href":"https:\/\/eldiariodesanpedro.com.ar\/sitio\/wp-json\/wp\/v2\/posts"}],"about":[{"href":"https:\/\/eldiariodesanpedro.com.ar\/sitio\/wp-json\/wp\/v2\/types\/post"}],"author":[{"embeddable":true,"href":"https:\/\/eldiariodesanpedro.com.ar\/sitio\/wp-json\/wp\/v2\/users\/4"}],"replies":[{"embeddable":true,"href":"https:\/\/eldiariodesanpedro.com.ar\/sitio\/wp-json\/wp\/v2\/comments?post=79345"}],"version-history":[{"count":1,"href":"https:\/\/eldiariodesanpedro.com.ar\/sitio\/wp-json\/wp\/v2\/posts\/79345\/revisions"}],"predecessor-version":[{"id":79347,"href":"https:\/\/eldiariodesanpedro.com.ar\/sitio\/wp-json\/wp\/v2\/posts\/79345\/revisions\/79347"}],"wp:featuredmedia":[{"embeddable":true,"href":"https:\/\/eldiariodesanpedro.com.ar\/sitio\/wp-json\/wp\/v2\/media\/79346"}],"wp:attachment":[{"href":"https:\/\/eldiariodesanpedro.com.ar\/sitio\/wp-json\/wp\/v2\/media?parent=79345"}],"wp:term":[{"taxonomy":"category","embeddable":true,"href":"https:\/\/eldiariodesanpedro.com.ar\/sitio\/wp-json\/wp\/v2\/categories?post=79345"},{"taxonomy":"post_tag","embeddable":true,"href":"https:\/\/eldiariodesanpedro.com.ar\/sitio\/wp-json\/wp\/v2\/tags?post=79345"}],"curies":[{"name":"wp","href":"https:\/\/api.w.org\/{rel}","templated":true}]}}