{"id":79316,"date":"2020-08-11T19:41:41","date_gmt":"2020-08-11T22:41:41","guid":{"rendered":"https:\/\/eldiariodesanpedro.com.ar\/sitio\/?p=79316"},"modified":"2020-08-11T19:41:45","modified_gmt":"2020-08-11T22:41:45","slug":"arrecifes-primer-caso-de-coronavirus-en-un-mayor-de-70-anos","status":"publish","type":"post","link":"https:\/\/eldiariodesanpedro.com.ar\/sitio\/arrecifes-primer-caso-de-coronavirus-en-un-mayor-de-70-anos\/","title":{"rendered":"ARRECIFES | Primer caso de coronavirus en un mayor de 70 a\u00f1os"},"content":{"rendered":"<!-- VideographyWP Plugin Message: Automatic video embedding prevented by plugin options. -->\n\n<p>El Ministerio de Salud de la Provincia de Buenos Aires confirm\u00f3 esta tarde un caso positivo de coronavirus en un arrecife\u00f1o mayor de 70 a\u00f1os de edad.<\/p>\n\n\n\n<p>Es la primera persona de nuestra ciudad con Covid-19 dentro de ese rango etario, considerada dentro del grupo de riesgo.<\/p>\n\n\n\n<p>Hasta hoy, el paciente de mayor edad era de 69 a\u00f1os, quien ya recibi\u00f3 el alta hospitalaria y contin\u00faa el tratamiento en su domicilio, cerca de recibir el alta m\u00e9dica.<\/p>\n\n\n\n<p>El 70% de los contagios en Arrecifes corresponde a gente joven, de entre 20 y 49 a\u00f1os de edad.<\/p>\n\n\n\n<p>S\u00f3lo dos pacientes con coronavirus se encuentran internados en el Hospital Municipal, adem\u00e1s de otros que esperan los resultados pero su cuadro requer\u00eda internaci\u00f3n.<\/p>\n\n\n\n<p>Esta noche, como es habitual, la Municipalidad de Arrecifes emitir\u00e1 el reporte diario oficial local.<\/p>\n\n\n\n<p>Fuente: <a href=\"https:\/\/arrecifesnoticias.com\/sociedad\/arrecifes-tiene-su-primer-caso-de-covid-en-un-mayor-de-70-anos\/\">Noticias Arrecifes<\/a><\/p>\n","protected":false},"excerpt":{"rendered":"<p>El Ministerio de Salud de la Provincia de Buenos Aires confirm\u00f3 esta tarde un caso positivo de coronavirus en un arrecife\u00f1o mayor de 70 a\u00f1os de edad. Es la primera persona de nuestra ciudad con Covid-19 dentro de ese rango etario, considerada dentro del grupo de riesgo. Hasta hoy, el paciente de mayor edad era [&hellip;]<\/p>\n","protected":false},"author":4,"featured_media":79317,"comment_status":"open","ping_status":"closed","sticky":false,"template":"","format":"standard","meta":{"om_disable_all_campaigns":false,"_jetpack_memberships_contains_paid_content":false,"footnotes":""},"categories":[621],"tags":[640,197,681],"class_list":["post-79316","post","type-post","status-publish","format-standard","has-post-thumbnail","hentry","category-regionales","tag-arrecifes","tag-buenos-aires","tag-regionales"],"aioseo_notices":[],"gutentor_comment":0,"jetpack_featured_media_url":"https:\/\/eldiariodesanpedro.com.ar\/sitio\/wp-content\/uploads\/2020\/08\/hisopado-test-coronavirus-764x510-1.jpg","jetpack_shortlink":"https:\/\/wp.me\/p6RhLt-kDi","jetpack_sharing_enabled":true,"_links":{"self":[{"href":"https:\/\/eldiariodesanpedro.com.ar\/sitio\/wp-json\/wp\/v2\/posts\/79316","targetHints":{"allow":["GET"]}}],"collection":[{"href":"https:\/\/eldiariodesanpedro.com.ar\/sitio\/wp-json\/wp\/v2\/posts"}],"about":[{"href":"https:\/\/eldiariodesanpedro.com.ar\/sitio\/wp-json\/wp\/v2\/types\/post"}],"author":[{"embeddable":true,"href":"https:\/\/eldiariodesanpedro.com.ar\/sitio\/wp-json\/wp\/v2\/users\/4"}],"replies":[{"embeddable":true,"href":"https:\/\/eldiariodesanpedro.com.ar\/sitio\/wp-json\/wp\/v2\/comments?post=79316"}],"version-history":[{"count":1,"href":"https:\/\/eldiariodesanpedro.com.ar\/sitio\/wp-json\/wp\/v2\/posts\/79316\/revisions"}],"predecessor-version":[{"id":79318,"href":"https:\/\/eldiariodesanpedro.com.ar\/sitio\/wp-json\/wp\/v2\/posts\/79316\/revisions\/79318"}],"wp:featuredmedia":[{"embeddable":true,"href":"https:\/\/eldiariodesanpedro.com.ar\/sitio\/wp-json\/wp\/v2\/media\/79317"}],"wp:attachment":[{"href":"https:\/\/eldiariodesanpedro.com.ar\/sitio\/wp-json\/wp\/v2\/media?parent=79316"}],"wp:term":[{"taxonomy":"category","embeddable":true,"href":"https:\/\/eldiariodesanpedro.com.ar\/sitio\/wp-json\/wp\/v2\/categories?post=79316"},{"taxonomy":"post_tag","embeddable":true,"href":"https:\/\/eldiariodesanpedro.com.ar\/sitio\/wp-json\/wp\/v2\/tags?post=79316"}],"curies":[{"name":"wp","href":"https:\/\/api.w.org\/{rel}","templated":true}]}}