{"id":79313,"date":"2020-08-11T19:38:41","date_gmt":"2020-08-11T22:38:41","guid":{"rendered":"https:\/\/eldiariodesanpedro.com.ar\/sitio\/?p=79313"},"modified":"2020-08-11T19:38:44","modified_gmt":"2020-08-11T22:38:44","slug":"campana-alejandro-viguier-regresa-a-campana-como-jefe-de-la-comisaria","status":"publish","type":"post","link":"https:\/\/eldiariodesanpedro.com.ar\/sitio\/campana-alejandro-viguier-regresa-a-campana-como-jefe-de-la-comisaria\/","title":{"rendered":"CAMPANA | Alejandro Viguier regresa a Campana como jefe de la Comisar\u00eda"},"content":{"rendered":"<!-- VideographyWP Plugin Message: Automatic video embedding prevented by plugin options. -->\n\n<p>Ocupar\u00e1 el cargo de Alberto Utrera, quien fue designado en el lugar que deja vacante en la ciudad de Z\u00e1rate, como Jefe de Turno del Comando de Patrulla.\u00a0<\/p>\n\n\n\n<p>La Comisaria Primera de Campana tiene nuevo titular. Se trata Alejandro Viguier, quien regresa a la ciudad para reemplazar a Alberto Utrera que pasar\u00e1 a ocupar el cargo que dej\u00f3 vacante en Z\u00e1rate como Jefe de Turno del Comando de Patrullas.<\/p>\n\n\n\n<p>Viguier hab\u00eda dejado nuestra ciudad en 2016 luego de ocupar el cargo de Jefe del Comando de Patrullas y participar de la reestructuraci\u00f3n del sistema de patrullaje, que pas\u00f3 de 5 a 10 zonas. Luego, cumpli\u00f3 tareas en San Fernando.<\/p>\n\n\n\n<p>El flamante titular de la comisar\u00eda local tambi\u00e9n es conocido por su veta literaria. Viguier escribe poemas y en 2017 la Editorial Dunken public\u00f3 su primer libro titulado \u00abConclusiones de una mente distorcionada\u00bb.\u00a0<\/p>\n\n\n\n<p>Fuente: <a href=\"https:\/\/www.campananoticias.com\/noticia\/62589\/alejandro-viguier-regresa-a-campana-como-jefe-de-la-comisara-\">Campana noticias<\/a><\/p>\n","protected":false},"excerpt":{"rendered":"<p>Ocupar\u00e1 el cargo de Alberto Utrera, quien fue designado en el lugar que deja vacante en la ciudad de Z\u00e1rate, como Jefe de Turno del Comando de Patrulla.\u00a0 La Comisaria Primera de Campana tiene nuevo titular. Se trata Alejandro Viguier, quien regresa a la ciudad para reemplazar a Alberto Utrera que pasar\u00e1 a ocupar el [&hellip;]<\/p>\n","protected":false},"author":4,"featured_media":79314,"comment_status":"open","ping_status":"closed","sticky":false,"template":"","format":"standard","meta":{"om_disable_all_campaigns":false,"_jetpack_memberships_contains_paid_content":false,"footnotes":""},"categories":[621],"tags":[197,686,681],"class_list":["post-79313","post","type-post","status-publish","format-standard","has-post-thumbnail","hentry","category-regionales","tag-buenos-aires","tag-campana-2","tag-regionales"],"aioseo_notices":[],"gutentor_comment":0,"jetpack_featured_media_url":"https:\/\/eldiariodesanpedro.com.ar\/sitio\/wp-content\/uploads\/2020\/08\/20200811050558.jpg","jetpack_shortlink":"https:\/\/wp.me\/p6RhLt-kDf","jetpack_sharing_enabled":true,"_links":{"self":[{"href":"https:\/\/eldiariodesanpedro.com.ar\/sitio\/wp-json\/wp\/v2\/posts\/79313","targetHints":{"allow":["GET"]}}],"collection":[{"href":"https:\/\/eldiariodesanpedro.com.ar\/sitio\/wp-json\/wp\/v2\/posts"}],"about":[{"href":"https:\/\/eldiariodesanpedro.com.ar\/sitio\/wp-json\/wp\/v2\/types\/post"}],"author":[{"embeddable":true,"href":"https:\/\/eldiariodesanpedro.com.ar\/sitio\/wp-json\/wp\/v2\/users\/4"}],"replies":[{"embeddable":true,"href":"https:\/\/eldiariodesanpedro.com.ar\/sitio\/wp-json\/wp\/v2\/comments?post=79313"}],"version-history":[{"count":1,"href":"https:\/\/eldiariodesanpedro.com.ar\/sitio\/wp-json\/wp\/v2\/posts\/79313\/revisions"}],"predecessor-version":[{"id":79315,"href":"https:\/\/eldiariodesanpedro.com.ar\/sitio\/wp-json\/wp\/v2\/posts\/79313\/revisions\/79315"}],"wp:featuredmedia":[{"embeddable":true,"href":"https:\/\/eldiariodesanpedro.com.ar\/sitio\/wp-json\/wp\/v2\/media\/79314"}],"wp:attachment":[{"href":"https:\/\/eldiariodesanpedro.com.ar\/sitio\/wp-json\/wp\/v2\/media?parent=79313"}],"wp:term":[{"taxonomy":"category","embeddable":true,"href":"https:\/\/eldiariodesanpedro.com.ar\/sitio\/wp-json\/wp\/v2\/categories?post=79313"},{"taxonomy":"post_tag","embeddable":true,"href":"https:\/\/eldiariodesanpedro.com.ar\/sitio\/wp-json\/wp\/v2\/tags?post=79313"}],"curies":[{"name":"wp","href":"https:\/\/api.w.org\/{rel}","templated":true}]}}