{"id":79283,"date":"2020-08-11T10:38:02","date_gmt":"2020-08-11T13:38:02","guid":{"rendered":"https:\/\/eldiariodesanpedro.com.ar\/sitio\/?p=79283"},"modified":"2020-08-11T10:38:06","modified_gmt":"2020-08-11T13:38:06","slug":"dos-personas-con-pedido-de-paradero-activo-solicitado-por-la-justicia","status":"publish","type":"post","link":"https:\/\/eldiariodesanpedro.com.ar\/sitio\/dos-personas-con-pedido-de-paradero-activo-solicitado-por-la-justicia\/","title":{"rendered":"Dos personas con pedido de paradero activo solicitado por la justicia"},"content":{"rendered":"<!-- VideographyWP Plugin Message: Automatic video embedding prevented by plugin options. -->\n\n<p>\u00a0Durante la jornada de este lunes se realizaron dos aprehensiones de masculinos sobre los cuales pesaba pedido de paradero activo por parte de la justicia.<\/p>\n\n\n\n<p>En una primera oportunidad en calle Saavedra y Ansaloni realizaron la aprehensi\u00f3n de un sujeto de 35 a\u00f1os de edad sobre el que pesaba dicha solicitud por parte del Juzgado Federal N\u00ba 2 de San Nicol\u00e1s desde el a\u00f1o 2014 por una causa caratulada \u201cEntorpecimiento de Servicios P\u00fablicos\u201d.<\/p>\n\n\n\n<p>El segundo ocurri\u00f3 en horas de la tarde del mismo lunes en la intersecci\u00f3n de las calles Auli y 11 de Septiembre donde los efectivos policiales identificaron a un ciudadano de 24 a\u00f1os de edad sobre quien pesaba el pedido de la justicia\u00a0 solicitado por la UFI N\u00ba 8 de Baradero por una causa iniciada en 2012.<\/p>\n\n\n\n<p>Ambas personas fueron trasladadas a la comisar\u00eda local para realizar los recaudos legales y posterior libertad.<\/p>\n","protected":false},"excerpt":{"rendered":"<p>\u00a0Durante la jornada de este lunes se realizaron dos aprehensiones de masculinos sobre los cuales pesaba pedido de paradero activo por parte de la justicia. En una primera oportunidad en calle Saavedra y Ansaloni realizaron la aprehensi\u00f3n de un sujeto de 35 a\u00f1os de edad sobre el que pesaba dicha solicitud por parte del Juzgado [&hellip;]<\/p>\n","protected":false},"author":4,"featured_media":78774,"comment_status":"open","ping_status":"closed","sticky":false,"template":"","format":"standard","meta":{"om_disable_all_campaigns":false,"_jetpack_memberships_contains_paid_content":false,"footnotes":""},"categories":[2,103],"tags":[197,33,95],"class_list":["post-79283","post","type-post","status-publish","format-standard","has-post-thumbnail","hentry","category-locales","category-policiales-locales","tag-buenos-aires","tag-locales","tag-policiales"],"aioseo_notices":[],"gutentor_comment":0,"jetpack_featured_media_url":"https:\/\/eldiariodesanpedro.com.ar\/sitio\/wp-content\/uploads\/2020\/08\/Policia-de-noche-2014-695x510-1.jpg","jetpack_shortlink":"https:\/\/wp.me\/p6RhLt-kCL","jetpack_sharing_enabled":true,"_links":{"self":[{"href":"https:\/\/eldiariodesanpedro.com.ar\/sitio\/wp-json\/wp\/v2\/posts\/79283","targetHints":{"allow":["GET"]}}],"collection":[{"href":"https:\/\/eldiariodesanpedro.com.ar\/sitio\/wp-json\/wp\/v2\/posts"}],"about":[{"href":"https:\/\/eldiariodesanpedro.com.ar\/sitio\/wp-json\/wp\/v2\/types\/post"}],"author":[{"embeddable":true,"href":"https:\/\/eldiariodesanpedro.com.ar\/sitio\/wp-json\/wp\/v2\/users\/4"}],"replies":[{"embeddable":true,"href":"https:\/\/eldiariodesanpedro.com.ar\/sitio\/wp-json\/wp\/v2\/comments?post=79283"}],"version-history":[{"count":1,"href":"https:\/\/eldiariodesanpedro.com.ar\/sitio\/wp-json\/wp\/v2\/posts\/79283\/revisions"}],"predecessor-version":[{"id":79284,"href":"https:\/\/eldiariodesanpedro.com.ar\/sitio\/wp-json\/wp\/v2\/posts\/79283\/revisions\/79284"}],"wp:featuredmedia":[{"embeddable":true,"href":"https:\/\/eldiariodesanpedro.com.ar\/sitio\/wp-json\/wp\/v2\/media\/78774"}],"wp:attachment":[{"href":"https:\/\/eldiariodesanpedro.com.ar\/sitio\/wp-json\/wp\/v2\/media?parent=79283"}],"wp:term":[{"taxonomy":"category","embeddable":true,"href":"https:\/\/eldiariodesanpedro.com.ar\/sitio\/wp-json\/wp\/v2\/categories?post=79283"},{"taxonomy":"post_tag","embeddable":true,"href":"https:\/\/eldiariodesanpedro.com.ar\/sitio\/wp-json\/wp\/v2\/tags?post=79283"}],"curies":[{"name":"wp","href":"https:\/\/api.w.org\/{rel}","templated":true}]}}