{"id":79280,"date":"2020-08-11T10:26:01","date_gmt":"2020-08-11T13:26:01","guid":{"rendered":"https:\/\/eldiariodesanpedro.com.ar\/sitio\/?p=79280"},"modified":"2020-08-11T10:26:05","modified_gmt":"2020-08-11T13:26:05","slug":"aprehendido-con-estupefacientes","status":"publish","type":"post","link":"https:\/\/eldiariodesanpedro.com.ar\/sitio\/aprehendido-con-estupefacientes\/","title":{"rendered":"Aprehendido con estupefacientes"},"content":{"rendered":"<!-- VideographyWP Plugin Message: Automatic video embedding prevented by plugin options. -->\n\n<p>Este lunes en horas de la tarde la polic\u00eda de nuestra ciudad realiza la aprehensi\u00f3n de un ciudadano por tenencia de estupefacientes.<\/p>\n\n\n\n<p>En el marco de operativos de identificaci\u00f3n, efectivos policiales realizan la aprehensi\u00f3n de un sujeto de 33 a\u00f1os de edad que se encontraba circulando por la v\u00eda p\u00fablica en calle Bozzano al 1800, a quien se le secuestro de entre sus prendas un envoltorio de nylon que conten\u00eda sustancia marihuana en escasa cantidad.&nbsp;<\/p>\n\n\n\n<p>El masculino trasladado a la comisar\u00eda para realizar la correspondiente notificaci\u00f3n de imputaci\u00f3n y su posterior libertad.<\/p>\n","protected":false},"excerpt":{"rendered":"<p>Este lunes en horas de la tarde la polic\u00eda de nuestra ciudad realiza la aprehensi\u00f3n de un ciudadano por tenencia de estupefacientes. En el marco de operativos de identificaci\u00f3n, efectivos policiales realizan la aprehensi\u00f3n de un sujeto de 33 a\u00f1os de edad que se encontraba circulando por la v\u00eda p\u00fablica en calle Bozzano al 1800, [&hellip;]<\/p>\n","protected":false},"author":4,"featured_media":79281,"comment_status":"open","ping_status":"closed","sticky":false,"template":"","format":"standard","meta":{"om_disable_all_campaigns":false,"_jetpack_memberships_contains_paid_content":false,"footnotes":""},"categories":[2,103],"tags":[197,696,33,95],"class_list":["post-79280","post","type-post","status-publish","format-standard","has-post-thumbnail","hentry","category-locales","category-policiales-locales","tag-buenos-aires","tag-interes-general","tag-locales","tag-policiales"],"aioseo_notices":[],"gutentor_comment":0,"jetpack_featured_media_url":"https:\/\/eldiariodesanpedro.com.ar\/sitio\/wp-content\/uploads\/2020\/08\/1-1.jpg","jetpack_shortlink":"https:\/\/wp.me\/p6RhLt-kCI","jetpack_sharing_enabled":true,"_links":{"self":[{"href":"https:\/\/eldiariodesanpedro.com.ar\/sitio\/wp-json\/wp\/v2\/posts\/79280","targetHints":{"allow":["GET"]}}],"collection":[{"href":"https:\/\/eldiariodesanpedro.com.ar\/sitio\/wp-json\/wp\/v2\/posts"}],"about":[{"href":"https:\/\/eldiariodesanpedro.com.ar\/sitio\/wp-json\/wp\/v2\/types\/post"}],"author":[{"embeddable":true,"href":"https:\/\/eldiariodesanpedro.com.ar\/sitio\/wp-json\/wp\/v2\/users\/4"}],"replies":[{"embeddable":true,"href":"https:\/\/eldiariodesanpedro.com.ar\/sitio\/wp-json\/wp\/v2\/comments?post=79280"}],"version-history":[{"count":1,"href":"https:\/\/eldiariodesanpedro.com.ar\/sitio\/wp-json\/wp\/v2\/posts\/79280\/revisions"}],"predecessor-version":[{"id":79282,"href":"https:\/\/eldiariodesanpedro.com.ar\/sitio\/wp-json\/wp\/v2\/posts\/79280\/revisions\/79282"}],"wp:featuredmedia":[{"embeddable":true,"href":"https:\/\/eldiariodesanpedro.com.ar\/sitio\/wp-json\/wp\/v2\/media\/79281"}],"wp:attachment":[{"href":"https:\/\/eldiariodesanpedro.com.ar\/sitio\/wp-json\/wp\/v2\/media?parent=79280"}],"wp:term":[{"taxonomy":"category","embeddable":true,"href":"https:\/\/eldiariodesanpedro.com.ar\/sitio\/wp-json\/wp\/v2\/categories?post=79280"},{"taxonomy":"post_tag","embeddable":true,"href":"https:\/\/eldiariodesanpedro.com.ar\/sitio\/wp-json\/wp\/v2\/tags?post=79280"}],"curies":[{"name":"wp","href":"https:\/\/api.w.org\/{rel}","templated":true}]}}