{"id":79277,"date":"2020-08-11T10:15:06","date_gmt":"2020-08-11T13:15:06","guid":{"rendered":"https:\/\/eldiariodesanpedro.com.ar\/sitio\/?p=79277"},"modified":"2020-08-11T10:15:10","modified_gmt":"2020-08-11T13:15:10","slug":"union-civica-radical-convocatoria","status":"publish","type":"post","link":"https:\/\/eldiariodesanpedro.com.ar\/sitio\/union-civica-radical-convocatoria\/","title":{"rendered":"UNI\u00d3N C\u00cdVICA RADICAL CONVOCATORIA"},"content":{"rendered":"<!-- VideographyWP Plugin Message: Automatic video embedding prevented by plugin options. -->\n\n<p>El Comit\u00e9 de Distrito de la U.C.R San Pedro convoca a elecciones internas de afiliados, conforme la Resoluci\u00f3n 001\/2020 del Comit\u00e9 de la Provincia de Buenos Aires, para el d\u00eda 11 de octubre de 2020 en el horario de 8 a 18 Horas<\/p>\n\n\n\n<p>A los efectos de elegir miembros del Comit\u00e9 de Distrito para los cargos de<br>&#8211; Presidente,<br>-1 Vicepresidente;<br>-1 Secretario General;<br>-1 Tesorero;\u00a0<br>&#8211; Vocales Titulares;\u00a0<br>&#8211; Vocales Suplentes;<br>-Delegados a la Honorable Convenci\u00f3n de la Provincia, 2\u00a0 Titulares y 2 Suplentes.<\/p>\n\n\n\n<p>&nbsp;Fijando como fecha l\u00edmite para la presentaci\u00f3n de lista el d\u00eda 11 de septiembre a las 23,59 horas.-<\/p>\n","protected":false},"excerpt":{"rendered":"<p>El Comit\u00e9 de Distrito de la U.C.R San Pedro convoca a elecciones internas de afiliados, conforme la Resoluci\u00f3n 001\/2020 del Comit\u00e9 de la Provincia de Buenos Aires, para el d\u00eda 11 de octubre de 2020 en el horario de 8 a 18 Horas A los efectos de elegir miembros del Comit\u00e9 de Distrito para los [&hellip;]<\/p>\n","protected":false},"author":4,"featured_media":79278,"comment_status":"open","ping_status":"closed","sticky":false,"template":"","format":"standard","meta":{"om_disable_all_campaigns":false,"_jetpack_memberships_contains_paid_content":false,"footnotes":""},"categories":[678,676],"tags":[1729,1165,1355,1730],"class_list":["post-79277","post","type-post","status-publish","format-standard","has-post-thumbnail","hentry","category-convocatorias","category-edictos","tag-convocatoria","tag-edictos","tag-judiciales","tag-union-civica-radical"],"aioseo_notices":[],"gutentor_comment":0,"jetpack_featured_media_url":"https:\/\/eldiariodesanpedro.com.ar\/sitio\/wp-content\/uploads\/2020\/08\/Convocatoria-UCR.jpg","jetpack_shortlink":"https:\/\/wp.me\/p6RhLt-kCF","jetpack_sharing_enabled":true,"_links":{"self":[{"href":"https:\/\/eldiariodesanpedro.com.ar\/sitio\/wp-json\/wp\/v2\/posts\/79277","targetHints":{"allow":["GET"]}}],"collection":[{"href":"https:\/\/eldiariodesanpedro.com.ar\/sitio\/wp-json\/wp\/v2\/posts"}],"about":[{"href":"https:\/\/eldiariodesanpedro.com.ar\/sitio\/wp-json\/wp\/v2\/types\/post"}],"author":[{"embeddable":true,"href":"https:\/\/eldiariodesanpedro.com.ar\/sitio\/wp-json\/wp\/v2\/users\/4"}],"replies":[{"embeddable":true,"href":"https:\/\/eldiariodesanpedro.com.ar\/sitio\/wp-json\/wp\/v2\/comments?post=79277"}],"version-history":[{"count":1,"href":"https:\/\/eldiariodesanpedro.com.ar\/sitio\/wp-json\/wp\/v2\/posts\/79277\/revisions"}],"predecessor-version":[{"id":79279,"href":"https:\/\/eldiariodesanpedro.com.ar\/sitio\/wp-json\/wp\/v2\/posts\/79277\/revisions\/79279"}],"wp:featuredmedia":[{"embeddable":true,"href":"https:\/\/eldiariodesanpedro.com.ar\/sitio\/wp-json\/wp\/v2\/media\/79278"}],"wp:attachment":[{"href":"https:\/\/eldiariodesanpedro.com.ar\/sitio\/wp-json\/wp\/v2\/media?parent=79277"}],"wp:term":[{"taxonomy":"category","embeddable":true,"href":"https:\/\/eldiariodesanpedro.com.ar\/sitio\/wp-json\/wp\/v2\/categories?post=79277"},{"taxonomy":"post_tag","embeddable":true,"href":"https:\/\/eldiariodesanpedro.com.ar\/sitio\/wp-json\/wp\/v2\/tags?post=79277"}],"curies":[{"name":"wp","href":"https:\/\/api.w.org\/{rel}","templated":true}]}}