{"id":79273,"date":"2020-08-11T09:53:55","date_gmt":"2020-08-11T12:53:55","guid":{"rendered":"https:\/\/eldiariodesanpedro.com.ar\/sitio\/?p=79273"},"modified":"2020-08-11T09:53:59","modified_gmt":"2020-08-11T12:53:59","slug":"compromiso-del-gobernador-y-el-ministro-de-infraestructura-para-reactivar-importantes-obras-publicas-en-san-pedro","status":"publish","type":"post","link":"https:\/\/eldiariodesanpedro.com.ar\/sitio\/compromiso-del-gobernador-y-el-ministro-de-infraestructura-para-reactivar-importantes-obras-publicas-en-san-pedro\/","title":{"rendered":"Compromiso del Gobernador y el Ministro de Infraestructura para reactivar importantes obras p\u00fablicas en San Pedro"},"content":{"rendered":"<!-- VideographyWP Plugin Message: Automatic video embedding prevented by plugin options. -->\n\n<p>A trav\u00e9s de una videoconferencia de la que participaron los intendentes del grupo que integra el sampedrino Cecilio Salazar, el Gobernador de la Provincia de Buenos Aires Axel Kicillof y el Ministro de Infraestructura de la Provincia de Buenos Aires Agust\u00edn Simone, realizaron una fruct\u00edfera reuni\u00f3n virtual en la tarde del lunes.<\/p>\n\n\n\n<p>El Gobernador destac\u00f3 especialmente el acompa\u00f1amiento demostrado de m\u00faltiples maneras por este grupo de Intendentes (al que ahora se ha sumado el jefe comunal de Tornquist, Sergio Bordoni), con los que se ha podido establecer un v\u00ednculo muy importante para transitar el complejo momento que genera la Pandemia de Covid-19 y al mismo tiempo, unir fuerzas para recuperar el ritmo de proyectos muy importantes para cada ciudad.<\/p>\n\n\n\n<p>En el caso espec\u00edfico de San Pedro, tanto el Gobernador como el Ministro repasaron proyectos pendientes que se ir\u00e1n reactivando en el corto y mediano plazo.<\/p>\n\n\n\n<p>En el caso espec\u00edfico de San Pedro, tanto el Gobernador como el Ministro repasaron proyectos pendientes que se ir\u00e1n reactivando en el corto y mediano plazo. Las refacciones planificadas en el sector de internaci\u00f3n del Hospital Emilio Ruffa, la finalizaci\u00f3n de de siete viviendas para personas con capacidades diferentes y el reimpulso al bacheo de carpeta asf\u00e1ltica en calles de la ciudad.<\/p>\n\n\n\n<p>La perspectiva es muy buena porque adem\u00e1s desde la Secretaria de Obras P\u00fablicas se trabaja en nuevas iniciativas que estar\u00e1n siendo presentadas para ser contempladas en futuro.<\/p>\n\n\n\n<p>Desde este espacio que comparten los Intendentes de San Pedro, Chivilcoy, Necochea, Tres Arroyos, Villarino y Saliquell\u00f3 y ahora Tornquist, se ratific\u00f3 el compromiso total no s\u00f3lo desde cada Poder Ejecutivo Municipal sino tambi\u00e9n desde los legisladores provinciales y de los concejales que los representan para seguir trabajando en beneficio de todos los vecinos de la Provincia de Buenos Aires.<\/p>\n\n\n\n<figure class=\"wp-block-image size-large\"><img decoding=\"async\" width=\"510\" height=\"327\" data-attachment-id=\"79274\" data-permalink=\"https:\/\/eldiariodesanpedro.com.ar\/sitio\/compromiso-del-gobernador-y-el-ministro-de-infraestructura-para-reactivar-importantes-obras-publicas-en-san-pedro\/whatsapp-image-2020-08-11-at-09-42-28-1\/\" data-orig-file=\"https:\/\/eldiariodesanpedro.com.ar\/sitio\/wp-content\/uploads\/2020\/08\/WhatsApp-Image-2020-08-11-at-09.42.28-1.jpeg\" data-orig-size=\"510,327\" data-comments-opened=\"1\" data-image-meta=\"{&quot;aperture&quot;:&quot;0&quot;,&quot;credit&quot;:&quot;&quot;,&quot;camera&quot;:&quot;&quot;,&quot;caption&quot;:&quot;&quot;,&quot;created_timestamp&quot;:&quot;0&quot;,&quot;copyright&quot;:&quot;&quot;,&quot;focal_length&quot;:&quot;0&quot;,&quot;iso&quot;:&quot;0&quot;,&quot;shutter_speed&quot;:&quot;0&quot;,&quot;title&quot;:&quot;&quot;,&quot;orientation&quot;:&quot;0&quot;}\" data-image-title=\"WhatsApp Image 2020-08-11 at 09.42.28 (1)\" data-image-description=\"\" data-image-caption=\"\" data-large-file=\"https:\/\/eldiariodesanpedro.com.ar\/sitio\/wp-content\/uploads\/2020\/08\/WhatsApp-Image-2020-08-11-at-09.42.28-1.jpeg\" data-src=\"https:\/\/eldiariodesanpedro.com.ar\/sitio\/wp-content\/uploads\/2020\/08\/WhatsApp-Image-2020-08-11-at-09.42.28-1.jpeg\" alt=\"\" class=\"wp-image-79274 lazyload\" data-srcset=\"https:\/\/eldiariodesanpedro.com.ar\/sitio\/wp-content\/uploads\/2020\/08\/WhatsApp-Image-2020-08-11-at-09.42.28-1.jpeg 510w, https:\/\/eldiariodesanpedro.com.ar\/sitio\/wp-content\/uploads\/2020\/08\/WhatsApp-Image-2020-08-11-at-09.42.28-1-300x192.jpeg 300w\" data-sizes=\"(max-width: 510px) 100vw, 510px\" src=\"data:image\/svg+xml;base64,PHN2ZyB3aWR0aD0iMSIgaGVpZ2h0PSIxIiB4bWxucz0iaHR0cDovL3d3dy53My5vcmcvMjAwMC9zdmciPjwvc3ZnPg==\" style=\"--smush-placeholder-width: 510px; --smush-placeholder-aspect-ratio: 510\/327;\" \/><\/figure>\n","protected":false},"excerpt":{"rendered":"<p>A trav\u00e9s de una videoconferencia de la que participaron los intendentes del grupo que integra el sampedrino Cecilio Salazar, el Gobernador de la Provincia de Buenos Aires Axel Kicillof y el Ministro de Infraestructura de la Provincia de Buenos Aires Agust\u00edn Simone, realizaron una fruct\u00edfera reuni\u00f3n virtual en la tarde del lunes. El Gobernador destac\u00f3 [&hellip;]<\/p>\n","protected":false},"author":4,"featured_media":79275,"comment_status":"open","ping_status":"closed","sticky":false,"template":"","format":"standard","meta":{"om_disable_all_campaigns":false,"_jetpack_memberships_contains_paid_content":false,"footnotes":""},"categories":[50,101,2],"tags":[197,696,33],"class_list":["post-79273","post","type-post","status-publish","format-standard","has-post-thumbnail","hentry","category-destacadas","category-interes-general-locales","category-locales","tag-buenos-aires","tag-interes-general","tag-locales"],"aioseo_notices":[],"gutentor_comment":0,"jetpack_featured_media_url":"https:\/\/eldiariodesanpedro.com.ar\/sitio\/wp-content\/uploads\/2020\/08\/WhatsApp-Image-2020-08-11-at-09.42.28.jpeg","jetpack_shortlink":"https:\/\/wp.me\/p6RhLt-kCB","jetpack_sharing_enabled":true,"_links":{"self":[{"href":"https:\/\/eldiariodesanpedro.com.ar\/sitio\/wp-json\/wp\/v2\/posts\/79273","targetHints":{"allow":["GET"]}}],"collection":[{"href":"https:\/\/eldiariodesanpedro.com.ar\/sitio\/wp-json\/wp\/v2\/posts"}],"about":[{"href":"https:\/\/eldiariodesanpedro.com.ar\/sitio\/wp-json\/wp\/v2\/types\/post"}],"author":[{"embeddable":true,"href":"https:\/\/eldiariodesanpedro.com.ar\/sitio\/wp-json\/wp\/v2\/users\/4"}],"replies":[{"embeddable":true,"href":"https:\/\/eldiariodesanpedro.com.ar\/sitio\/wp-json\/wp\/v2\/comments?post=79273"}],"version-history":[{"count":1,"href":"https:\/\/eldiariodesanpedro.com.ar\/sitio\/wp-json\/wp\/v2\/posts\/79273\/revisions"}],"predecessor-version":[{"id":79276,"href":"https:\/\/eldiariodesanpedro.com.ar\/sitio\/wp-json\/wp\/v2\/posts\/79273\/revisions\/79276"}],"wp:featuredmedia":[{"embeddable":true,"href":"https:\/\/eldiariodesanpedro.com.ar\/sitio\/wp-json\/wp\/v2\/media\/79275"}],"wp:attachment":[{"href":"https:\/\/eldiariodesanpedro.com.ar\/sitio\/wp-json\/wp\/v2\/media?parent=79273"}],"wp:term":[{"taxonomy":"category","embeddable":true,"href":"https:\/\/eldiariodesanpedro.com.ar\/sitio\/wp-json\/wp\/v2\/categories?post=79273"},{"taxonomy":"post_tag","embeddable":true,"href":"https:\/\/eldiariodesanpedro.com.ar\/sitio\/wp-json\/wp\/v2\/tags?post=79273"}],"curies":[{"name":"wp","href":"https:\/\/api.w.org\/{rel}","templated":true}]}}