{"id":79268,"date":"2020-08-10T21:14:12","date_gmt":"2020-08-11T00:14:12","guid":{"rendered":"https:\/\/eldiariodesanpedro.com.ar\/sitio\/?p=79268"},"modified":"2020-08-10T21:14:16","modified_gmt":"2020-08-11T00:14:16","slug":"siete-nuevos-casos-positivos-este-lunes","status":"publish","type":"post","link":"https:\/\/eldiariodesanpedro.com.ar\/sitio\/siete-nuevos-casos-positivos-este-lunes\/","title":{"rendered":"Siete nuevos casos positivos este lunes"},"content":{"rendered":"<!-- VideographyWP Plugin Message: Automatic video embedding prevented by plugin options. -->\n\n<p>La Secretar\u00eda de Salud de la Municipalidad de San Pedro informa los datos recibidos hasta el momento en el seguimiento de la Pandemia de Covid-19.<\/p>\n\n\n\n<p>Hoy se recibieron 2 (dos) muestras desde laboratorios privados y 9 (nueve) desde el Instituto Maiztegui correspondientes al env\u00edo del 4 de agosto.<\/p>\n\n\n\n<p>Seg\u00fan se inform\u00f3 desde el Laboratorio, es probable que se cuente con un nuevo reporte a \u00faltima hora con cuyos datos se completar\u00e1 la informaci\u00f3n.<\/p>\n\n\n\n<p>Resultados Positivos:<br>Laboratorios Privados: 2<br>Mujer de 32 a\u00f1os, empleada de Centro de D\u00eda de SADIV<br>Hombre de 52 a\u00f1os, personal de salud<\/p>\n\n\n\n<p>Instituto Maiztegui: 5<br>Muestras enviadas el 4 de agosto con 5 resultados positivos, 1 resultado negativo y 3 que deber\u00e1n repetirse.<br>-Mujeres de 25 (contacto con positivo de SADIV), 34 (2) (sin nexo), 56 (contacto con positivo de trabajador de empresa alimenticia).<br>-Hombre de 26 a\u00f1os, trabajador de empresa alimenticia<\/p>\n\n\n\n<p>Recuperados 6<br>Dos mujeres de 24 (sin nexo) y 47 a\u00f1os (contacto con caso positivo en empresa alimenticia).<br>Cuatro hombres de 31 a\u00f1os (distribuidora), 47 (empresa alimenticia), 22 y 54 a\u00f1os (choferes empresa transportista)<\/p>\n\n\n\n<p>Con esta informaci\u00f3n el panel general queda de la siguiente forma:<\/p>\n\n\n\n<p>RESUMEN<br>Nuevas muestras enviadas: 00<br>Muestras Pendientes: 78<br>Nuevas muestras negativas: 1<br>Nuevos Casos Positivos: 7<br>Total de confirmados: 269<br>Total de casos activos: 87<br>Total de casos recuperados: 170<br>Total de casos fallecidos: 12<br>Total de muestras negativas: 575<\/p>\n\n\n\n<p>&#x1f449; Usar tapabocas.<br>&#x1f449; Mantener la distancia m\u00ednima de 2 metros.<br>&#x1f449; Extremar la higiene de los espacios.<br>&#x1f449; Mantener las manos limpias.<\/p>\n\n\n\n<p>Se recuerda que, ante s\u00edntomas de tos seca, fiebre y dolor de garganta y la probabilidad de haber estado en contacto con enfermos o viajeros llegados desde las zonas transmisi\u00f3n local o comunitaria se puede llamar al 148 o 107.<\/p>\n","protected":false},"excerpt":{"rendered":"<p>La Secretar\u00eda de Salud de la Municipalidad de San Pedro informa los datos recibidos hasta el momento en el seguimiento de la Pandemia de Covid-19. Hoy se recibieron 2 (dos) muestras desde laboratorios privados y 9 (nueve) desde el Instituto Maiztegui correspondientes al env\u00edo del 4 de agosto. Seg\u00fan se inform\u00f3 desde el Laboratorio, es [&hellip;]<\/p>\n","protected":false},"author":4,"featured_media":78783,"comment_status":"open","ping_status":"closed","sticky":false,"template":"","format":"standard","meta":{"om_disable_all_campaigns":false,"_jetpack_memberships_contains_paid_content":false,"footnotes":""},"categories":[50,101,2],"tags":[197,696,33],"class_list":["post-79268","post","type-post","status-publish","format-standard","has-post-thumbnail","hentry","category-destacadas","category-interes-general-locales","category-locales","tag-buenos-aires","tag-interes-general","tag-locales"],"aioseo_notices":[],"gutentor_comment":0,"jetpack_featured_media_url":"https:\/\/eldiariodesanpedro.com.ar\/sitio\/wp-content\/uploads\/2020\/08\/coronavirus-positivo-2.jpg","jetpack_shortlink":"https:\/\/wp.me\/p6RhLt-kCw","jetpack_sharing_enabled":true,"_links":{"self":[{"href":"https:\/\/eldiariodesanpedro.com.ar\/sitio\/wp-json\/wp\/v2\/posts\/79268","targetHints":{"allow":["GET"]}}],"collection":[{"href":"https:\/\/eldiariodesanpedro.com.ar\/sitio\/wp-json\/wp\/v2\/posts"}],"about":[{"href":"https:\/\/eldiariodesanpedro.com.ar\/sitio\/wp-json\/wp\/v2\/types\/post"}],"author":[{"embeddable":true,"href":"https:\/\/eldiariodesanpedro.com.ar\/sitio\/wp-json\/wp\/v2\/users\/4"}],"replies":[{"embeddable":true,"href":"https:\/\/eldiariodesanpedro.com.ar\/sitio\/wp-json\/wp\/v2\/comments?post=79268"}],"version-history":[{"count":1,"href":"https:\/\/eldiariodesanpedro.com.ar\/sitio\/wp-json\/wp\/v2\/posts\/79268\/revisions"}],"predecessor-version":[{"id":79269,"href":"https:\/\/eldiariodesanpedro.com.ar\/sitio\/wp-json\/wp\/v2\/posts\/79268\/revisions\/79269"}],"wp:featuredmedia":[{"embeddable":true,"href":"https:\/\/eldiariodesanpedro.com.ar\/sitio\/wp-json\/wp\/v2\/media\/78783"}],"wp:attachment":[{"href":"https:\/\/eldiariodesanpedro.com.ar\/sitio\/wp-json\/wp\/v2\/media?parent=79268"}],"wp:term":[{"taxonomy":"category","embeddable":true,"href":"https:\/\/eldiariodesanpedro.com.ar\/sitio\/wp-json\/wp\/v2\/categories?post=79268"},{"taxonomy":"post_tag","embeddable":true,"href":"https:\/\/eldiariodesanpedro.com.ar\/sitio\/wp-json\/wp\/v2\/tags?post=79268"}],"curies":[{"name":"wp","href":"https:\/\/api.w.org\/{rel}","templated":true}]}}