{"id":79265,"date":"2020-08-10T19:28:19","date_gmt":"2020-08-10T22:28:19","guid":{"rendered":"https:\/\/eldiariodesanpedro.com.ar\/sitio\/?p=79265"},"modified":"2020-08-10T19:28:20","modified_gmt":"2020-08-10T22:28:20","slug":"desde-el-miercoles-12-se-acreditaran-los-fondos-de-la-tarjeta-alimentar","status":"publish","type":"post","link":"https:\/\/eldiariodesanpedro.com.ar\/sitio\/desde-el-miercoles-12-se-acreditaran-los-fondos-de-la-tarjeta-alimentar\/","title":{"rendered":"Desde el mi\u00e9rcoles 12 se acreditar\u00e1n los fondos de la Tarjeta \u201cAlimentar\u201d"},"content":{"rendered":"<!-- VideographyWP Plugin Message: Automatic video embedding prevented by plugin options. -->\n\n<p>Destinada a madres y padres con hijos o hijas de hasta 6 a\u00f1os que reciben la AUH; embarazadas a partir de los tres meses que cobran la Asignaci\u00f3n por Embarazo y personas con discapacidad que reciben la AUH.<\/p>\n\n\n\n<p>os fondos correspondientes al mes de agosto de la Tarjeta \u201cAlimentar\u201d ser\u00e1n acreditados a partir del pr\u00f3ximo mi\u00e9rcoles, seg\u00fan inform\u00f3 el Ministerio de Desarrollo Social, a cargo de Daniel Arroyo.<\/p>\n\n\n\n<p>En el marco del Plan Argentina contra el Hambre, la mencionada tarjeta busca garantizar \u201cel derecho a la alimentaci\u00f3n de las familias m\u00e1s vulnerables del pa\u00eds\u201d, explic\u00f3 un comunicado de la cartera social.<\/p>\n\n\n\n<p>El calendario para quienes se les acrediten los fondos a trav\u00e9s de la Asignaci\u00f3n Universal por Hijo (AUH) es el siguiente:<\/p>\n\n\n\n<p>&#8211; Mi\u00e9rcoles 12 de agosto para los DNI terminados en 0, 1 y 2.<br>&#8211; Jueves 13 para DNI terminados en 3.<br>&#8211; Viernes 14 para DNI terminados en 4.<br>&#8211; Martes 18 para DNI terminados en 5.<br>&#8211; Mi\u00e9rcoles 19 para DNI terminados en 6.<br>&#8211; Jueves 20 para DNI terminados en 7.<br>&#8211; Viernes 21 para DNI terminados en 8.<br>&#8211; Lunes 24 para DNI terminados en 9.<\/p>\n\n\n\n<p>En tanto, a quienes poseen la tarjeta en forma f\u00edsica, el monto total mensual se va acreditar el tercer viernes de este mes, en este caso el 21 de agosto.<\/p>\n\n\n\n<p>La Tarjeta \u201cAlimentar\u201d est\u00e1 destinada a madres y padres con hijos o hijas de hasta 6 a\u00f1os que reciben la AUH; embarazadas a partir de los tres meses que cobran la Asignaci\u00f3n por Embarazo y personas con discapacidad que reciben la AUH.<\/p>\n\n\n\n<p>Se establece un monto mensual de $ 4.000 para quienes tienen un hijo y de $ 6.000 para quienes tengan dos o m\u00e1s hijos, en ambos casos, para la compra de todo tipo de alimentos.<\/p>\n\n\n\n<p><em>Fuente: T\u00e9lam<\/em><\/p>\n","protected":false},"excerpt":{"rendered":"<p>Destinada a madres y padres con hijos o hijas de hasta 6 a\u00f1os que reciben la AUH; embarazadas a partir de los tres meses que cobran la Asignaci\u00f3n por Embarazo y personas con discapacidad que reciben la AUH. os fondos correspondientes al mes de agosto de la Tarjeta \u201cAlimentar\u201d ser\u00e1n acreditados a partir del pr\u00f3ximo [&hellip;]<\/p>\n","protected":false},"author":4,"featured_media":79266,"comment_status":"open","ping_status":"closed","sticky":false,"template":"","format":"standard","meta":{"om_disable_all_campaigns":false,"_jetpack_memberships_contains_paid_content":false,"footnotes":""},"categories":[101,2],"tags":[197,696,33],"class_list":["post-79265","post","type-post","status-publish","format-standard","has-post-thumbnail","hentry","category-interes-general-locales","category-locales","tag-buenos-aires","tag-interes-general","tag-locales"],"aioseo_notices":[],"gutentor_comment":0,"jetpack_featured_media_url":"https:\/\/eldiariodesanpedro.com.ar\/sitio\/wp-content\/uploads\/2020\/08\/20200808033445.jpg","jetpack_shortlink":"https:\/\/wp.me\/p6RhLt-kCt","jetpack_sharing_enabled":true,"_links":{"self":[{"href":"https:\/\/eldiariodesanpedro.com.ar\/sitio\/wp-json\/wp\/v2\/posts\/79265","targetHints":{"allow":["GET"]}}],"collection":[{"href":"https:\/\/eldiariodesanpedro.com.ar\/sitio\/wp-json\/wp\/v2\/posts"}],"about":[{"href":"https:\/\/eldiariodesanpedro.com.ar\/sitio\/wp-json\/wp\/v2\/types\/post"}],"author":[{"embeddable":true,"href":"https:\/\/eldiariodesanpedro.com.ar\/sitio\/wp-json\/wp\/v2\/users\/4"}],"replies":[{"embeddable":true,"href":"https:\/\/eldiariodesanpedro.com.ar\/sitio\/wp-json\/wp\/v2\/comments?post=79265"}],"version-history":[{"count":1,"href":"https:\/\/eldiariodesanpedro.com.ar\/sitio\/wp-json\/wp\/v2\/posts\/79265\/revisions"}],"predecessor-version":[{"id":79267,"href":"https:\/\/eldiariodesanpedro.com.ar\/sitio\/wp-json\/wp\/v2\/posts\/79265\/revisions\/79267"}],"wp:featuredmedia":[{"embeddable":true,"href":"https:\/\/eldiariodesanpedro.com.ar\/sitio\/wp-json\/wp\/v2\/media\/79266"}],"wp:attachment":[{"href":"https:\/\/eldiariodesanpedro.com.ar\/sitio\/wp-json\/wp\/v2\/media?parent=79265"}],"wp:term":[{"taxonomy":"category","embeddable":true,"href":"https:\/\/eldiariodesanpedro.com.ar\/sitio\/wp-json\/wp\/v2\/categories?post=79265"},{"taxonomy":"post_tag","embeddable":true,"href":"https:\/\/eldiariodesanpedro.com.ar\/sitio\/wp-json\/wp\/v2\/tags?post=79265"}],"curies":[{"name":"wp","href":"https:\/\/api.w.org\/{rel}","templated":true}]}}