{"id":79253,"date":"2020-08-10T19:17:24","date_gmt":"2020-08-10T22:17:24","guid":{"rendered":"https:\/\/eldiariodesanpedro.com.ar\/sitio\/?p=79253"},"modified":"2020-08-10T19:17:28","modified_gmt":"2020-08-10T22:17:28","slug":"san-nicolas-covid-19-la-ciudad-alcanzo-los-85-casos-positivos-y-vuelve-a-fase-4","status":"publish","type":"post","link":"https:\/\/eldiariodesanpedro.com.ar\/sitio\/san-nicolas-covid-19-la-ciudad-alcanzo-los-85-casos-positivos-y-vuelve-a-fase-4\/","title":{"rendered":"SAN NICOL\u00c1S | Covid-19: La ciudad alcanz\u00f3 los 85 casos positivos y vuelve a fase 4"},"content":{"rendered":"<!-- VideographyWP Plugin Message: Automatic video embedding prevented by plugin options. -->\n\n<p>Seg\u00fan el \u00faltimo parte oficial, la ciudad lleva hasta el momento un total de 85 casos positivos de los cuales 48 se encuentran activos. El intendente Manuel Passaglia public\u00f3 en sus redes sociales un mensaje donde se\u00f1ala cu\u00e1l es la situaci\u00f3n actual de la vecina ciudad y adelant\u00f3 que a partir de este lunes 10 de agosto, San Nicol\u00e1s vuelve a Fase 4.<br>Adem\u00e1s, indic\u00f3 que se extremar\u00e1n las medidas de control en la calle, debiendo circular con el permiso correspondiente.<br>Durante el d\u00eda de ayer, domingo 9 de agosto la ciudad de San Nicol\u00e1s sum\u00f3 17 nuevos casos activos de Coronavirus. Todos son contactos estrechos con pacientes ya notificados. De esta manera hasta el momento la ciudad cuenta con 48 activos, 36 recuperados y 1 fallecido. Son en total 85 casos desde el inicio de la pandemia.<br>Actualmente, otros 33 casos se encuentran en estudio, a la espera de resultado.<\/p>\n\n\n\n<p>El mensaje de Passaglia :<br>\u00abHace un tiempo, cuando la pandemia se extend\u00eda por el mundo, nuestro pa\u00eds y nuestra ciudad, les dije que nuestra prioridad era cuidar la salud de todos y cada uno de los vecinos de San Nicol\u00e1s, y que no \u00edbamos a dudar en tomar las medidas que sean necesarias para cuidarlos.<br>Hoy estamos entrando en una nueva etapa. En Argentina estamos viviendo por estas horas el mayor \u00edndice de contagios diario. Y en nuestra ciudad, si bien hemos logrado buenos resultados en estos meses por el esfuerzo de todos, en los \u00faltimos d\u00edas se viene registrando un crecimiento significativo de casos positivos de Covid-19.<br>Quiero ser claro, el virus est\u00e1 entre nosotros, es por eso que este es el momento en el que debemos ser m\u00e1s responsables que nunca. El esfuerzo que hicimos desde marzo, habr\u00e1 servido de poco si durante las pr\u00f3ximas semanas no somos conscientes del desaf\u00edo al que nos enfrentamos todos como comunidad.<br>Desde el lunes, y por los pr\u00f3ximos 15 d\u00edas, hemos decidido junto a las autoridades provinciales y nacionales, ingresar en fase 4, en la que algunas actividades se ver\u00e1n restringidas. Los especialistas y autoridades sanitarias en nuestro pa\u00eds y en el mundo ya lo dejaron en claro, las reuniones sociales y los ambientes de trabajo son los principales focos de contagio cuando no se toman las medidas de distanciamiento social e higiene correspondientes.<\/p>\n\n\n\n<p>NUESTRA PRIORIDAD SIGUE SIENDO CUIDAR LA SALUD DE LOS NICOLE\u00d1OS<br>Hace un tiempo, cuando la pandemia se extend\u00eda por el mundo, nuestro pa\u00eds y nuestra ciudad, les dije que nuestra prioridad era cuidar la salud de todos y cada uno de los vecinos de San Nicol\u00e1s, y que no \u00edbamos a dudar en tomar las medidas que sean necesarias para cuidarlos.Hoy estamos entrando en una nueva etapa. En Argentina estamos viviendo por estas horas el mayor \u00edndice de contagios diario. Y en nuestra ciudad, si bien hemos logrado buenos resultados en estos meses por el esfuerzo de todos, en los \u00faltimos d\u00edas se viene registrando un crecimiento significativo de casos positivos de Covid-19.Quiero ser claro, el virus est\u00e1 entre nosotros, es por eso que este es el momento en el que debemos ser m\u00e1s responsables que nunca. El esfuerzo que hicimos desde marzo, habr\u00e1 servido de poco si durante las pr\u00f3ximas semanas no somos conscientes del desaf\u00edo al que nos enfrentamos todos como comunidad.Desde el lunes, y por los pr\u00f3ximos 15 d\u00edas, hemos decidido junto a las autoridades provinciales y nacionales, ingresar en fase 4, en la que algunas actividades se ver\u00e1n restringidas. Los especialistas y autoridades sanitarias en nuestro pa\u00eds y en el mundo ya lo dejaron en claro, las reuniones sociales y los ambientes de trabajo son los principales focos de contagio cuando no se toman las medidas de distanciamiento social e higiene correspondientes.Es por esto, que en su momento tom\u00e9 la decisi\u00f3n de suspender las reuniones familiares y sociales. Estoy convencido que esa medida a tiempo,sumada al control que impusimos en los accesos, nos permiti\u00f3 tener una mejor situaci\u00f3n epidemiol\u00f3gica que ciudades vecinas durante todo este tiempo. Sin embargo, ahora nos enfrentamos a una nueva etapa, en la que el virus est\u00e1 y circula entre nosotros.En esta nueva etapa, ser\u00e1 m\u00e1s importante que nunca nuestra responsabilidad como vecinos, como ciudadanos, como padres, como hijos, como nietos. Desde el gobierno local pondremos todo nuestro esfuerzo, pero el \u00e9xito de la lucha contra el Coronavirus estar\u00e1 en cada vecino, estar\u00e1 en entender que el distanciamiento social, que el uso del barbijo, que el no reunirse con muchas personas, salva vidas.A su vez, pediremos a las fuerzas de seguridad intensificar los controles en las calles, comercios y espacios de circulaci\u00f3n, para que solo circulen quienes tienen el permiso de hacerlo.Quiero terminar como empec\u00e9 a hablarles. Cuando ustedes me dieron la enorme responsabilidad de ser su Intendente mi compromiso fue con el bienestar de cada nicole\u00f1o. Hoy, ese<br>compromiso nos lleva a poner todo el esfuerzo en enfrentar al virus, en seguir reforzando nuestro sistema de salud, y en establecer reglas claras para que esta pandemia haga el menor da\u00f1o posible a las familias nicole\u00f1as. Sigamos juntos cuid\u00e1ndonos, hagamos este esfuerzo para que en poco tiempo, volvamos a disfrutar de nuestra familia, de nuestros amigos y de nuestra ciudad.Gracias\u00bb.<\/p>\n\n\n\n<p>Fuente: <a href=\"https:\/\/www.ramalloinforma.com.ar\/region-y-provincia\/covid-19-san-nicolas-alcanzo-los-85-casos-positivos\/\">ramallo Informa<\/a><\/p>\n","protected":false},"excerpt":{"rendered":"<p>Seg\u00fan el \u00faltimo parte oficial, la ciudad lleva hasta el momento un total de 85 casos positivos de los cuales 48 se encuentran activos. El intendente Manuel Passaglia public\u00f3 en sus redes sociales un mensaje donde se\u00f1ala cu\u00e1l es la situaci\u00f3n actual de la vecina ciudad y adelant\u00f3 que a partir de este lunes 10 [&hellip;]<\/p>\n","protected":false},"author":4,"featured_media":79254,"comment_status":"open","ping_status":"closed","sticky":false,"template":"","format":"standard","meta":{"om_disable_all_campaigns":false,"_jetpack_memberships_contains_paid_content":false,"footnotes":""},"categories":[621],"tags":[197,681,714],"class_list":["post-79253","post","type-post","status-publish","format-standard","has-post-thumbnail","hentry","category-regionales","tag-buenos-aires","tag-regionales","tag-san-nicolas"],"aioseo_notices":[],"gutentor_comment":0,"jetpack_featured_media_url":"https:\/\/eldiariodesanpedro.com.ar\/sitio\/wp-content\/uploads\/2020\/08\/fase-4.jpg","jetpack_shortlink":"https:\/\/wp.me\/p6RhLt-kCh","jetpack_sharing_enabled":true,"_links":{"self":[{"href":"https:\/\/eldiariodesanpedro.com.ar\/sitio\/wp-json\/wp\/v2\/posts\/79253","targetHints":{"allow":["GET"]}}],"collection":[{"href":"https:\/\/eldiariodesanpedro.com.ar\/sitio\/wp-json\/wp\/v2\/posts"}],"about":[{"href":"https:\/\/eldiariodesanpedro.com.ar\/sitio\/wp-json\/wp\/v2\/types\/post"}],"author":[{"embeddable":true,"href":"https:\/\/eldiariodesanpedro.com.ar\/sitio\/wp-json\/wp\/v2\/users\/4"}],"replies":[{"embeddable":true,"href":"https:\/\/eldiariodesanpedro.com.ar\/sitio\/wp-json\/wp\/v2\/comments?post=79253"}],"version-history":[{"count":1,"href":"https:\/\/eldiariodesanpedro.com.ar\/sitio\/wp-json\/wp\/v2\/posts\/79253\/revisions"}],"predecessor-version":[{"id":79255,"href":"https:\/\/eldiariodesanpedro.com.ar\/sitio\/wp-json\/wp\/v2\/posts\/79253\/revisions\/79255"}],"wp:featuredmedia":[{"embeddable":true,"href":"https:\/\/eldiariodesanpedro.com.ar\/sitio\/wp-json\/wp\/v2\/media\/79254"}],"wp:attachment":[{"href":"https:\/\/eldiariodesanpedro.com.ar\/sitio\/wp-json\/wp\/v2\/media?parent=79253"}],"wp:term":[{"taxonomy":"category","embeddable":true,"href":"https:\/\/eldiariodesanpedro.com.ar\/sitio\/wp-json\/wp\/v2\/categories?post=79253"},{"taxonomy":"post_tag","embeddable":true,"href":"https:\/\/eldiariodesanpedro.com.ar\/sitio\/wp-json\/wp\/v2\/tags?post=79253"}],"curies":[{"name":"wp","href":"https:\/\/api.w.org\/{rel}","templated":true}]}}