{"id":79250,"date":"2020-08-10T19:10:46","date_gmt":"2020-08-10T22:10:46","guid":{"rendered":"https:\/\/eldiariodesanpedro.com.ar\/sitio\/?p=79250"},"modified":"2020-08-10T19:10:49","modified_gmt":"2020-08-10T22:10:49","slug":"perez-millan-aprehendidos-estupefacientes-maltrato-animal-y-mas","status":"publish","type":"post","link":"https:\/\/eldiariodesanpedro.com.ar\/sitio\/perez-millan-aprehendidos-estupefacientes-maltrato-animal-y-mas\/","title":{"rendered":"P\u00c9REZ MILL\u00c1N | aprehendidos, estupefacientes, maltrato animal y m\u00e1s"},"content":{"rendered":"<!-- VideographyWP Plugin Message: Automatic video embedding prevented by plugin options. -->\n\n<p>En marco del operativo general dispuesto por la Superioridad en la prevenci\u00f3n de delitos y faltas en la localidad de P\u00e9rez Mill\u00e1n, se realizaron 32 actuaciones por incumplimiento del aislamiento social preventivo y obligatorio con intervenci\u00f3n del Juzgado Federal.<\/p>\n\n\n\n<p>En P\u00e9rez Mill\u00e1n se procedi\u00f3 al secuestro de nueve veh\u00edculos en marco de infracciones a la ley nacional de tr\u00e1nsito y la aprehensi\u00f3n de varios masculinos en diferentes actuaciones prevencionales.<\/p>\n\n\n\n<p>Una detenci\u00f3n por tenencia de estupefacientes de un mayor de edad con tenencia de marihuana, tres actuaciones solicitadas por comisar\u00eda de la mujer y familia de Ramallo por per\u00edmetros, recepci\u00f3n de llamados telef\u00f3nicos informando o consultando sobre posibles reuniones familiares, tr\u00e1nsito de veh\u00edculos y personas infringiendo las normas. Se realiza control coordinado con \u00e1rea de salud, Delegaci\u00f3n Municipalidad y polic\u00eda de comportamiento de personas aisladas preventivamente.<\/p>\n\n\n\n<p>Adem\u00e1s, se est\u00e1 investigando por actuaciones penales un maltrato animal, por una situaci\u00f3n particular que se dio con un can sobre calle Sarmiento de esta localidad, trasladado e investigado por Fiscal\u00eda.<\/p>\n\n\n\n<p>No hay personal policial aislado de esta dependencia en situaci\u00f3n de covid. Sub Estaci\u00f3n policial comunal P\u00e9rez Mill\u00e1n. Parte oficial Sub Estaci\u00f3n Policial de Perez Mill\u00e1n comunicado por Pone \u00c9xitos.<\/p>\n\n\n\n<p>Fuente: <a href=\"https:\/\/www.ramalloinforma.com.ar\/policiales\/perez-millan-aprehendidos-estupefacientes-maltrato-animal-y-mas\/\">Ramallo Informa<\/a><\/p>\n","protected":false},"excerpt":{"rendered":"<p>En marco del operativo general dispuesto por la Superioridad en la prevenci\u00f3n de delitos y faltas en la localidad de P\u00e9rez Mill\u00e1n, se realizaron 32 actuaciones por incumplimiento del aislamiento social preventivo y obligatorio con intervenci\u00f3n del Juzgado Federal. En P\u00e9rez Mill\u00e1n se procedi\u00f3 al secuestro de nueve veh\u00edculos en marco de infracciones a la [&hellip;]<\/p>\n","protected":false},"author":4,"featured_media":79251,"comment_status":"open","ping_status":"closed","sticky":false,"template":"","format":"standard","meta":{"om_disable_all_campaigns":false,"_jetpack_memberships_contains_paid_content":false,"footnotes":""},"categories":[621],"tags":[197,784,95,347],"class_list":["post-79250","post","type-post","status-publish","format-standard","has-post-thumbnail","hentry","category-regionales","tag-buenos-aires","tag-perez-millan","tag-policiales","tag-ramallo"],"aioseo_notices":[],"gutentor_comment":0,"jetpack_featured_media_url":"https:\/\/eldiariodesanpedro.com.ar\/sitio\/wp-content\/uploads\/2020\/08\/perez-millan.jpg","jetpack_shortlink":"https:\/\/wp.me\/p6RhLt-kCe","jetpack_sharing_enabled":true,"_links":{"self":[{"href":"https:\/\/eldiariodesanpedro.com.ar\/sitio\/wp-json\/wp\/v2\/posts\/79250","targetHints":{"allow":["GET"]}}],"collection":[{"href":"https:\/\/eldiariodesanpedro.com.ar\/sitio\/wp-json\/wp\/v2\/posts"}],"about":[{"href":"https:\/\/eldiariodesanpedro.com.ar\/sitio\/wp-json\/wp\/v2\/types\/post"}],"author":[{"embeddable":true,"href":"https:\/\/eldiariodesanpedro.com.ar\/sitio\/wp-json\/wp\/v2\/users\/4"}],"replies":[{"embeddable":true,"href":"https:\/\/eldiariodesanpedro.com.ar\/sitio\/wp-json\/wp\/v2\/comments?post=79250"}],"version-history":[{"count":1,"href":"https:\/\/eldiariodesanpedro.com.ar\/sitio\/wp-json\/wp\/v2\/posts\/79250\/revisions"}],"predecessor-version":[{"id":79252,"href":"https:\/\/eldiariodesanpedro.com.ar\/sitio\/wp-json\/wp\/v2\/posts\/79250\/revisions\/79252"}],"wp:featuredmedia":[{"embeddable":true,"href":"https:\/\/eldiariodesanpedro.com.ar\/sitio\/wp-json\/wp\/v2\/media\/79251"}],"wp:attachment":[{"href":"https:\/\/eldiariodesanpedro.com.ar\/sitio\/wp-json\/wp\/v2\/media?parent=79250"}],"wp:term":[{"taxonomy":"category","embeddable":true,"href":"https:\/\/eldiariodesanpedro.com.ar\/sitio\/wp-json\/wp\/v2\/categories?post=79250"},{"taxonomy":"post_tag","embeddable":true,"href":"https:\/\/eldiariodesanpedro.com.ar\/sitio\/wp-json\/wp\/v2\/tags?post=79250"}],"curies":[{"name":"wp","href":"https:\/\/api.w.org\/{rel}","templated":true}]}}