{"id":79247,"date":"2020-08-10T19:03:21","date_gmt":"2020-08-10T22:03:21","guid":{"rendered":"https:\/\/eldiariodesanpedro.com.ar\/sitio\/?p=79247"},"modified":"2020-08-10T19:03:25","modified_gmt":"2020-08-10T22:03:25","slug":"campana-defensa-civil-campana-y-un-gesto-solidario-para-el-dia-del-nino","status":"publish","type":"post","link":"https:\/\/eldiariodesanpedro.com.ar\/sitio\/campana-defensa-civil-campana-y-un-gesto-solidario-para-el-dia-del-nino\/","title":{"rendered":"CAMPANA | Defensa Civil Campana y un gesto solidario para el D\u00eda del Ni\u00f1o"},"content":{"rendered":"<!-- VideographyWP Plugin Message: Automatic video embedding prevented by plugin options. -->\n\n<p>Sus integrantes recaudan juguetes para ser destinados a los ni\u00f1os del sector isle\u00f1o. Para colaborar, los vecinos pueden acercar sus donaciones en buen estado, de Lunes a Viernes de 9 a 13 horas en las oficinas de Campana Noticias, o en la sede del CIMoPU en Rawson 378.<\/p>\n\n\n\n<p>Este Domingo 16 se celebra en nuestro Pa\u00eds el D\u00eda del Ni\u00f1o. Una fecha adem\u00e1s de especial, muy singular, dadas las condiciones de aislamiento obligadas por la pandemia de COVID-19.<\/p>\n\n\n\n<p>Sin embargo, personal de Defensa Civil lleva adelante una acci\u00f3n solidaria que tendr\u00e1 como beneficiarios a los ni\u00f1os que habitan el sector isle\u00f1o. Para ello, se encuentran reuniendo juguetes (nuevos o usados en buenas condiciones) para ser entregados en dicha oportunidad.<\/p>\n\n\n\n<p>Una vez m\u00e1s y por este motivo, se apela a la solidaridad de quienes quieran y puedan colaborar. Las donaciones pueden entregarse en las oficinas de Campana Noticias (de Lunes a Viernes de 9 a 14 horas), o en la sede del CIMoPU (Rawson 378).<\/p>\n\n\n\n<p>Siempre cercano y al servicio de la Comunidad, desde Defensa Civil Campana agradecen desde ya cualquier aporte y refuerzan su compromiso, en este caso, con los campanenses m\u00e1s peque\u00f1os para que tengan un D\u00eda muy especial.<\/p>\n\n\n\n<p>Fuente: <a href=\"https:\/\/www.campananoticias.com\/noticia\/62577\/defensa-civil-campana-y-un-gesto-solidario-para-el-da-del-nio\">Campana Noticias<\/a><\/p>\n","protected":false},"excerpt":{"rendered":"<p>Sus integrantes recaudan juguetes para ser destinados a los ni\u00f1os del sector isle\u00f1o. Para colaborar, los vecinos pueden acercar sus donaciones en buen estado, de Lunes a Viernes de 9 a 13 horas en las oficinas de Campana Noticias, o en la sede del CIMoPU en Rawson 378. Este Domingo 16 se celebra en nuestro [&hellip;]<\/p>\n","protected":false},"author":4,"featured_media":79248,"comment_status":"open","ping_status":"closed","sticky":false,"template":"","format":"standard","meta":{"om_disable_all_campaigns":false,"_jetpack_memberships_contains_paid_content":false,"footnotes":""},"categories":[621],"tags":[197,686,681],"class_list":["post-79247","post","type-post","status-publish","format-standard","has-post-thumbnail","hentry","category-regionales","tag-buenos-aires","tag-campana-2","tag-regionales"],"aioseo_notices":[],"gutentor_comment":0,"jetpack_featured_media_url":"https:\/\/eldiariodesanpedro.com.ar\/sitio\/wp-content\/uploads\/2020\/08\/20200810042528.jpg","jetpack_shortlink":"https:\/\/wp.me\/p6RhLt-kCb","jetpack_sharing_enabled":true,"_links":{"self":[{"href":"https:\/\/eldiariodesanpedro.com.ar\/sitio\/wp-json\/wp\/v2\/posts\/79247","targetHints":{"allow":["GET"]}}],"collection":[{"href":"https:\/\/eldiariodesanpedro.com.ar\/sitio\/wp-json\/wp\/v2\/posts"}],"about":[{"href":"https:\/\/eldiariodesanpedro.com.ar\/sitio\/wp-json\/wp\/v2\/types\/post"}],"author":[{"embeddable":true,"href":"https:\/\/eldiariodesanpedro.com.ar\/sitio\/wp-json\/wp\/v2\/users\/4"}],"replies":[{"embeddable":true,"href":"https:\/\/eldiariodesanpedro.com.ar\/sitio\/wp-json\/wp\/v2\/comments?post=79247"}],"version-history":[{"count":1,"href":"https:\/\/eldiariodesanpedro.com.ar\/sitio\/wp-json\/wp\/v2\/posts\/79247\/revisions"}],"predecessor-version":[{"id":79249,"href":"https:\/\/eldiariodesanpedro.com.ar\/sitio\/wp-json\/wp\/v2\/posts\/79247\/revisions\/79249"}],"wp:featuredmedia":[{"embeddable":true,"href":"https:\/\/eldiariodesanpedro.com.ar\/sitio\/wp-json\/wp\/v2\/media\/79248"}],"wp:attachment":[{"href":"https:\/\/eldiariodesanpedro.com.ar\/sitio\/wp-json\/wp\/v2\/media?parent=79247"}],"wp:term":[{"taxonomy":"category","embeddable":true,"href":"https:\/\/eldiariodesanpedro.com.ar\/sitio\/wp-json\/wp\/v2\/categories?post=79247"},{"taxonomy":"post_tag","embeddable":true,"href":"https:\/\/eldiariodesanpedro.com.ar\/sitio\/wp-json\/wp\/v2\/tags?post=79247"}],"curies":[{"name":"wp","href":"https:\/\/api.w.org\/{rel}","templated":true}]}}