{"id":79241,"date":"2020-08-10T18:58:28","date_gmt":"2020-08-10T21:58:28","guid":{"rendered":"https:\/\/eldiariodesanpedro.com.ar\/sitio\/?p=79241"},"modified":"2020-08-10T18:58:32","modified_gmt":"2020-08-10T21:58:32","slug":"san-nicolas-impactante-colision-en-calle-ponce-de-leon","status":"publish","type":"post","link":"https:\/\/eldiariodesanpedro.com.ar\/sitio\/san-nicolas-impactante-colision-en-calle-ponce-de-leon\/","title":{"rendered":"SAN NICOL\u00c1S | Impactante colisi\u00f3n en calle Ponce de Le\u00f3n"},"content":{"rendered":"<!-- VideographyWP Plugin Message: Automatic video embedding prevented by plugin options. -->\n\n<p>Dos veh\u00edculos colisionaron en la madrugada de este domingo en calle Ponce de Le\u00f3n entre Guti\u00e9rrez y G\u00fcemes.<\/p>\n\n\n\n<p>Una Renault Duster conducida por un hombre de 67 a\u00f1os choc\u00f3 contra un Volkswagen Fox al mando de un hombre de 30 a\u00f1os, acompa\u00f1ado por una mujer de 26.<\/p>\n\n\n\n<p>Tras el impacto, ambos autos volcaron quedando con las ruedas hacia arriba. Las lesiones que sufrieron fueron de car\u00e1cter leves,<\/p>\n\n\n\n<p>En el lugar se hizo presente Polic\u00eda Cient\u00edfica, Bomberos y personal policial. Intervino la Fiscal\u00eda N\u00b0 3.<\/p>\n\n\n\n<p>Fuente: <a href=\"http:\/\/www.diarioelinformante.com.ar\/nota-58523_impactante-colisin-en-calle-ponce-de-len\">Diario El Informante<\/a><\/p>\n","protected":false},"excerpt":{"rendered":"<p>Dos veh\u00edculos colisionaron en la madrugada de este domingo en calle Ponce de Le\u00f3n entre Guti\u00e9rrez y G\u00fcemes. Una Renault Duster conducida por un hombre de 67 a\u00f1os choc\u00f3 contra un Volkswagen Fox al mando de un hombre de 30 a\u00f1os, acompa\u00f1ado por una mujer de 26. Tras el impacto, ambos autos volcaron quedando con [&hellip;]<\/p>\n","protected":false},"author":4,"featured_media":79242,"comment_status":"open","ping_status":"closed","sticky":false,"template":"","format":"standard","meta":{"om_disable_all_campaigns":false,"_jetpack_memberships_contains_paid_content":false,"footnotes":""},"categories":[621],"tags":[681],"class_list":["post-79241","post","type-post","status-publish","format-standard","has-post-thumbnail","hentry","category-regionales","tag-regionales"],"aioseo_notices":[],"gutentor_comment":0,"jetpack_featured_media_url":"https:\/\/eldiariodesanpedro.com.ar\/sitio\/wp-content\/uploads\/2020\/08\/conmarca27604.jpg","jetpack_shortlink":"https:\/\/wp.me\/p6RhLt-kC5","jetpack_sharing_enabled":true,"_links":{"self":[{"href":"https:\/\/eldiariodesanpedro.com.ar\/sitio\/wp-json\/wp\/v2\/posts\/79241","targetHints":{"allow":["GET"]}}],"collection":[{"href":"https:\/\/eldiariodesanpedro.com.ar\/sitio\/wp-json\/wp\/v2\/posts"}],"about":[{"href":"https:\/\/eldiariodesanpedro.com.ar\/sitio\/wp-json\/wp\/v2\/types\/post"}],"author":[{"embeddable":true,"href":"https:\/\/eldiariodesanpedro.com.ar\/sitio\/wp-json\/wp\/v2\/users\/4"}],"replies":[{"embeddable":true,"href":"https:\/\/eldiariodesanpedro.com.ar\/sitio\/wp-json\/wp\/v2\/comments?post=79241"}],"version-history":[{"count":1,"href":"https:\/\/eldiariodesanpedro.com.ar\/sitio\/wp-json\/wp\/v2\/posts\/79241\/revisions"}],"predecessor-version":[{"id":79243,"href":"https:\/\/eldiariodesanpedro.com.ar\/sitio\/wp-json\/wp\/v2\/posts\/79241\/revisions\/79243"}],"wp:featuredmedia":[{"embeddable":true,"href":"https:\/\/eldiariodesanpedro.com.ar\/sitio\/wp-json\/wp\/v2\/media\/79242"}],"wp:attachment":[{"href":"https:\/\/eldiariodesanpedro.com.ar\/sitio\/wp-json\/wp\/v2\/media?parent=79241"}],"wp:term":[{"taxonomy":"category","embeddable":true,"href":"https:\/\/eldiariodesanpedro.com.ar\/sitio\/wp-json\/wp\/v2\/categories?post=79241"},{"taxonomy":"post_tag","embeddable":true,"href":"https:\/\/eldiariodesanpedro.com.ar\/sitio\/wp-json\/wp\/v2\/tags?post=79241"}],"curies":[{"name":"wp","href":"https:\/\/api.w.org\/{rel}","templated":true}]}}