{"id":79238,"date":"2020-08-10T18:56:22","date_gmt":"2020-08-10T21:56:22","guid":{"rendered":"https:\/\/eldiariodesanpedro.com.ar\/sitio\/?p=79238"},"modified":"2020-08-10T18:56:23","modified_gmt":"2020-08-10T21:56:23","slug":"campana-una-persona-resulto-muerta-en-un-accidente-en-la-panamericana","status":"publish","type":"post","link":"https:\/\/eldiariodesanpedro.com.ar\/sitio\/campana-una-persona-resulto-muerta-en-un-accidente-en-la-panamericana\/","title":{"rendered":"CAMPANA | Una persona result\u00f3 muerta en un accidente en la Panamericana"},"content":{"rendered":"<!-- VideographyWP Plugin Message: Automatic video embedding prevented by plugin options. -->\n\n<p><strong><em>Fue a primera hora de la tarde de ayer, mano a provincia, entre el puente del Arco y el del barrio San Felipe. Tambi\u00e9n hubo 4 pasajeros lesionados, entre ellos una beb\u00e9 de 1 a\u00f1o.<\/em><\/strong><\/p>\n\n\n\n<p>Una camioneta Renault Kangoo volc\u00f3 ayer a primera hora de la tarde luego de impactar violentamente contra las contenciones centrales de cemento de la Ruta 9, exactamente a la altura del kil\u00f3metro 75, dejando como saldo 1 muerto y 4 lesionados.<\/p>\n\n\n\n<p>El veh\u00edculo se dirig\u00eda mano a provincia cuando luego de pasar por debajo del puente del Arco, pierde estabilidad, y al chocar contra la contenci\u00f3n su conductor sale despedido. Se trata de Jhonny Pe\u00f1as Gallardo (24) de nacionalidad boliviana, quien falleci\u00f3 de forma instant\u00e1nea sobre el asfalto a m\u00e1s de 10 metros del impacto.<\/p>\n\n\n\n<p>La camioneta, qued\u00f3 volcada al menos 25 metros m\u00e1s adelante, con el resto de sus ocupantes en su interior. A pesar de los golpes, pudieron salir del habit\u00e1culo por sus propios medios y se trasladaron hasta la banquina, mientras llegaban los primeros uniformados de Polic\u00eda Cient\u00edfica, quienes tienen su cuartel en las inmediaciones.<\/p>\n\n\n\n<p>Eran un hombre y dos mujeres de nacionalidad boliviana, y una de ellas cargaba a una beb\u00e9 de alrededor de un a\u00f1o. La situaci\u00f3n se torn\u00f3 particularmente confusa para la polic\u00eda dado que el hombre se encontraba visiblemente alcoholizado y se negaba a brindar informaci\u00f3n, adem\u00e1s de hacer callar a las mujeres que lo acompa\u00f1aban.<\/p>\n\n\n\n<p>Luego, y ya en el Hospital San Jos\u00e9, se puedo determinar que ven\u00edan desde La Matanza y se dirig\u00edan hacia Z\u00e1rate, y el fallecido era el chofer del remise que hab\u00edan contratado. Aproximadamente a las dos horas del fatal accidente, la ruta se pudo liberar para el tr\u00e1nsito vehicular.<\/p>\n\n\n\n<p>Fuente: la Autentica Defensa<\/p>\n","protected":false},"excerpt":{"rendered":"<p>Fue a primera hora de la tarde de ayer, mano a provincia, entre el puente del Arco y el del barrio San Felipe. Tambi\u00e9n hubo 4 pasajeros lesionados, entre ellos una beb\u00e9 de 1 a\u00f1o. Una camioneta Renault Kangoo volc\u00f3 ayer a primera hora de la tarde luego de impactar violentamente contra las contenciones centrales [&hellip;]<\/p>\n","protected":false},"author":4,"featured_media":79239,"comment_status":"open","ping_status":"closed","sticky":false,"template":"","format":"standard","meta":{"om_disable_all_campaigns":false,"_jetpack_memberships_contains_paid_content":false,"footnotes":""},"categories":[621],"tags":[197,686,681],"class_list":["post-79238","post","type-post","status-publish","format-standard","has-post-thumbnail","hentry","category-regionales","tag-buenos-aires","tag-campana-2","tag-regionales"],"aioseo_notices":[],"gutentor_comment":0,"jetpack_featured_media_url":"https:\/\/eldiariodesanpedro.com.ar\/sitio\/wp-content\/uploads\/2020\/08\/200809-3.jpg","jetpack_shortlink":"https:\/\/wp.me\/p6RhLt-kC2","jetpack_sharing_enabled":true,"_links":{"self":[{"href":"https:\/\/eldiariodesanpedro.com.ar\/sitio\/wp-json\/wp\/v2\/posts\/79238","targetHints":{"allow":["GET"]}}],"collection":[{"href":"https:\/\/eldiariodesanpedro.com.ar\/sitio\/wp-json\/wp\/v2\/posts"}],"about":[{"href":"https:\/\/eldiariodesanpedro.com.ar\/sitio\/wp-json\/wp\/v2\/types\/post"}],"author":[{"embeddable":true,"href":"https:\/\/eldiariodesanpedro.com.ar\/sitio\/wp-json\/wp\/v2\/users\/4"}],"replies":[{"embeddable":true,"href":"https:\/\/eldiariodesanpedro.com.ar\/sitio\/wp-json\/wp\/v2\/comments?post=79238"}],"version-history":[{"count":1,"href":"https:\/\/eldiariodesanpedro.com.ar\/sitio\/wp-json\/wp\/v2\/posts\/79238\/revisions"}],"predecessor-version":[{"id":79240,"href":"https:\/\/eldiariodesanpedro.com.ar\/sitio\/wp-json\/wp\/v2\/posts\/79238\/revisions\/79240"}],"wp:featuredmedia":[{"embeddable":true,"href":"https:\/\/eldiariodesanpedro.com.ar\/sitio\/wp-json\/wp\/v2\/media\/79239"}],"wp:attachment":[{"href":"https:\/\/eldiariodesanpedro.com.ar\/sitio\/wp-json\/wp\/v2\/media?parent=79238"}],"wp:term":[{"taxonomy":"category","embeddable":true,"href":"https:\/\/eldiariodesanpedro.com.ar\/sitio\/wp-json\/wp\/v2\/categories?post=79238"},{"taxonomy":"post_tag","embeddable":true,"href":"https:\/\/eldiariodesanpedro.com.ar\/sitio\/wp-json\/wp\/v2\/tags?post=79238"}],"curies":[{"name":"wp","href":"https:\/\/api.w.org\/{rel}","templated":true}]}}