{"id":79232,"date":"2020-08-10T18:41:48","date_gmt":"2020-08-10T21:41:48","guid":{"rendered":"https:\/\/eldiariodesanpedro.com.ar\/sitio\/?p=79232"},"modified":"2020-08-10T18:41:51","modified_gmt":"2020-08-10T21:41:51","slug":"confirman-que-decretaran-aumento-de-jubilaciones-por-encima-de-la-inflacion","status":"publish","type":"post","link":"https:\/\/eldiariodesanpedro.com.ar\/sitio\/confirman-que-decretaran-aumento-de-jubilaciones-por-encima-de-la-inflacion\/","title":{"rendered":"Confirman que decretar\u00e1n aumento de jubilaciones \u201cpor encima de la inflaci\u00f3n\u201d"},"content":{"rendered":"<!-- VideographyWP Plugin Message: Automatic video embedding prevented by plugin options. -->\n\n<p>El&nbsp;<strong>jefe de Gabinete<\/strong>,&nbsp;<strong>Santiago Cafiero<\/strong>, confirm\u00f3 este lunes que&nbsp;<strong>el Gobierno dar\u00e1 un&nbsp;aumento&nbsp;en septiembre pr\u00f3ximo a las&nbsp;jubilaciones&nbsp;a trav\u00e9s de un decreto<\/strong>, y agreg\u00f3 que<strong>&nbsp;los incrementos a este sector \u201cfueron siempre por encima de la inflaci\u00f3n\u201d.<\/strong><\/p>\n\n\n\n<p>\u201c<strong>Cu\u00e1nto va a ser el aumento todav\u00eda se est\u00e1 definiendo<\/strong>. Va a ser por decreto porque todav\u00eda no hemos llegado a determinar una f\u00f3rmula con la comisi\u00f3n en la C\u00e1mara de Diputados\u201d, se\u00f1al\u00f3 Cafiero en declaraciones a Radio La Red.<\/p>\n\n\n\n<p>As\u00ed se refiri\u00f3 a la discusi\u00f3n que se desarrolla en el Parlamento en el seno de la comisi\u00f3n mixta entre el Poder Ejecutivo y el Legislativo encargada de elaborar una nueva f\u00f3rmula de movilidad previsional.<\/p>\n\n\n\n<p>El funcionario sostuvo que \u201chasta ac\u00e1,<strong>&nbsp;los aumentos siempre fueron por encima de la inflaci\u00f3n<\/strong>\u201d y detall\u00f3 que \u201cla del primer semestre fue un poco menos de 14% y el aumento de la m\u00ednima fue de 19%\u201c.Cafiero record\u00f3 que \u201clos jubilados de la m\u00ednima llegan al 80% de los jubilados en la Argentina\u201d.<\/p>\n\n\n\n<p>\u201cLos jubilados pueden estar seguros que este Gobierno no es un gobierno que no los est\u00e9 mirando ni los est\u00e9 escuchando\u201d, concluy\u00f3.<\/p>\n\n\n\n<p>El\u00a0<a rel=\"noreferrer noopener\" href=\"https:\/\/www.ambito.com\/informacion-general\/anses\/jubilaciones-y-asignaciones-oficializan-el-aumento-612-partir-junio-n5105400\" target=\"_blank\"><strong>\u00faltimo aumento de las jubilaciones<\/strong>\u00a0fue en\u00a0<strong>junio<\/strong>, tambi\u00e9n a trav\u00e9s de un\u00a0<strong>decreto<\/strong>, que\u00a0<strong>increment\u00f3 el haber m\u00ednimo en un 6,12%<\/strong><\/a>\u00a0y lo llev\u00f3 a\u00a0<strong>$ 18.864<\/strong>\u00a0mensuales.<\/p>\n\n\n\n<p>La Comisi\u00f3n Bicameral Mixta de Movilidad Previsional fue creada por los art\u00edculos 55 y 56 de la Ley 27.541 de Solidaridad Social y Reactivaci\u00f3n Productiva y tiene como prop\u00f3sito elaborar una nueva f\u00f3rmula de movilidad jubilatoria, acorde a los tiempos actuales.<\/p>\n\n\n\n<p>Est\u00e1 presidida por el diputado Marcelo Casaretto (Frente de Todos) e integrada por legisladores de ambas c\u00e1maras y funcionarios de los ministerios de Trabajo y de Econom\u00eda y la Administraci\u00f3n Nacional de la Seguridad Social (Anses).<\/p>\n\n\n\n<p>Fuente: <a href=\"https:\/\/www.ambito.com\/informacion-general\/anses\/jubilaciones-y-asignaciones-oficializan-el-aumento-612-partir-junio-n5105400\">Diario Ambito <\/a><\/p>\n","protected":false},"excerpt":{"rendered":"<p>El&nbsp;jefe de Gabinete,&nbsp;Santiago Cafiero, confirm\u00f3 este lunes que&nbsp;el Gobierno dar\u00e1 un&nbsp;aumento&nbsp;en septiembre pr\u00f3ximo a las&nbsp;jubilaciones&nbsp;a trav\u00e9s de un decreto, y agreg\u00f3 que&nbsp;los incrementos a este sector \u201cfueron siempre por encima de la inflaci\u00f3n\u201d. \u201cCu\u00e1nto va a ser el aumento todav\u00eda se est\u00e1 definiendo. Va a ser por decreto porque todav\u00eda no hemos llegado a determinar [&hellip;]<\/p>\n","protected":false},"author":4,"featured_media":79233,"comment_status":"open","ping_status":"closed","sticky":false,"template":"","format":"standard","meta":{"om_disable_all_campaigns":false,"_jetpack_memberships_contains_paid_content":false,"footnotes":""},"categories":[621],"tags":[197,696,681],"class_list":["post-79232","post","type-post","status-publish","format-standard","has-post-thumbnail","hentry","category-regionales","tag-buenos-aires","tag-interes-general","tag-regionales"],"aioseo_notices":[],"gutentor_comment":0,"jetpack_featured_media_url":"https:\/\/eldiariodesanpedro.com.ar\/sitio\/wp-content\/uploads\/2020\/08\/f608x342-134695_164418_0.jpg","jetpack_shortlink":"https:\/\/wp.me\/p6RhLt-kBW","jetpack_sharing_enabled":true,"_links":{"self":[{"href":"https:\/\/eldiariodesanpedro.com.ar\/sitio\/wp-json\/wp\/v2\/posts\/79232","targetHints":{"allow":["GET"]}}],"collection":[{"href":"https:\/\/eldiariodesanpedro.com.ar\/sitio\/wp-json\/wp\/v2\/posts"}],"about":[{"href":"https:\/\/eldiariodesanpedro.com.ar\/sitio\/wp-json\/wp\/v2\/types\/post"}],"author":[{"embeddable":true,"href":"https:\/\/eldiariodesanpedro.com.ar\/sitio\/wp-json\/wp\/v2\/users\/4"}],"replies":[{"embeddable":true,"href":"https:\/\/eldiariodesanpedro.com.ar\/sitio\/wp-json\/wp\/v2\/comments?post=79232"}],"version-history":[{"count":1,"href":"https:\/\/eldiariodesanpedro.com.ar\/sitio\/wp-json\/wp\/v2\/posts\/79232\/revisions"}],"predecessor-version":[{"id":79234,"href":"https:\/\/eldiariodesanpedro.com.ar\/sitio\/wp-json\/wp\/v2\/posts\/79232\/revisions\/79234"}],"wp:featuredmedia":[{"embeddable":true,"href":"https:\/\/eldiariodesanpedro.com.ar\/sitio\/wp-json\/wp\/v2\/media\/79233"}],"wp:attachment":[{"href":"https:\/\/eldiariodesanpedro.com.ar\/sitio\/wp-json\/wp\/v2\/media?parent=79232"}],"wp:term":[{"taxonomy":"category","embeddable":true,"href":"https:\/\/eldiariodesanpedro.com.ar\/sitio\/wp-json\/wp\/v2\/categories?post=79232"},{"taxonomy":"post_tag","embeddable":true,"href":"https:\/\/eldiariodesanpedro.com.ar\/sitio\/wp-json\/wp\/v2\/tags?post=79232"}],"curies":[{"name":"wp","href":"https:\/\/api.w.org\/{rel}","templated":true}]}}