{"id":79230,"date":"2020-08-10T17:49:35","date_gmt":"2020-08-10T20:49:35","guid":{"rendered":"https:\/\/eldiariodesanpedro.com.ar\/sitio\/?p=79230"},"modified":"2020-08-10T17:49:40","modified_gmt":"2020-08-10T20:49:40","slug":"los-ediles-pando-y-llul-fueron-hisopados-por-presentar-sintomas","status":"publish","type":"post","link":"https:\/\/eldiariodesanpedro.com.ar\/sitio\/los-ediles-pando-y-llul-fueron-hisopados-por-presentar-sintomas\/","title":{"rendered":"Los ediles Pando y LLul fueron hisopados por presentar s\u00edntomas"},"content":{"rendered":"<!-- VideographyWP Plugin Message: Automatic video embedding prevented by plugin options. -->\n\n<p>Este lunes se confirm\u00f3 que dos ediles pertenecientes al HCD de nuestra ciudad fueron hisopados debido a que presentaron s\u00edntomas compatibles con Covid 19 por lo que tambi\u00e9n ser\u00e1n aislados otros 6 miembros del mismo. Por lo que corre riesgo a realizarse la sesi\u00f3n el pr\u00f3ximo jueves.<\/p>\n\n\n\n<p>En la jornada de hoy fueron hisopados el concejal Mart\u00edn Pando perteneciente a Juntos por el Cambio y a Soledad Llul perteneciente al bloque de Frente Para Todos. Adem\u00e1s fueron aislados preventivamente Eliseo Ferraro que trabaja en SADIV y estuvo en contacto con casos positivos, Silvia Ibern quien es contacto estrecho de uno de los casos registrados en Santa Luc\u00eda y otro cuatro ediles m\u00e1s que estuvieron en contactos con los dos hisopados.<\/p>\n\n\n\n<p>Se define si este jueves se sesionar\u00e1 en el sal\u00f3n dorado o no debido a los posibles casos de coronavirus dentro del HCD.<\/p>\n","protected":false},"excerpt":{"rendered":"<p>Este lunes se confirm\u00f3 que dos ediles pertenecientes al HCD de nuestra ciudad fueron hisopados debido a que presentaron s\u00edntomas compatibles con Covid 19 por lo que tambi\u00e9n ser\u00e1n aislados otros 6 miembros del mismo. Por lo que corre riesgo a realizarse la sesi\u00f3n el pr\u00f3ximo jueves. En la jornada de hoy fueron hisopados el [&hellip;]<\/p>\n","protected":false},"author":4,"featured_media":76904,"comment_status":"open","ping_status":"closed","sticky":false,"template":"","format":"standard","meta":{"om_disable_all_campaigns":false,"_jetpack_memberships_contains_paid_content":false,"footnotes":""},"categories":[50,101,2],"tags":[197,696,33],"class_list":["post-79230","post","type-post","status-publish","format-standard","has-post-thumbnail","hentry","category-destacadas","category-interes-general-locales","category-locales","tag-buenos-aires","tag-interes-general","tag-locales"],"aioseo_notices":[],"gutentor_comment":0,"jetpack_featured_media_url":"https:\/\/eldiariodesanpedro.com.ar\/sitio\/wp-content\/uploads\/2020\/06\/WhatsApp-Image-2020-06-29-at-20.38.10.jpeg","jetpack_shortlink":"https:\/\/wp.me\/p6RhLt-kBU","jetpack_sharing_enabled":true,"_links":{"self":[{"href":"https:\/\/eldiariodesanpedro.com.ar\/sitio\/wp-json\/wp\/v2\/posts\/79230","targetHints":{"allow":["GET"]}}],"collection":[{"href":"https:\/\/eldiariodesanpedro.com.ar\/sitio\/wp-json\/wp\/v2\/posts"}],"about":[{"href":"https:\/\/eldiariodesanpedro.com.ar\/sitio\/wp-json\/wp\/v2\/types\/post"}],"author":[{"embeddable":true,"href":"https:\/\/eldiariodesanpedro.com.ar\/sitio\/wp-json\/wp\/v2\/users\/4"}],"replies":[{"embeddable":true,"href":"https:\/\/eldiariodesanpedro.com.ar\/sitio\/wp-json\/wp\/v2\/comments?post=79230"}],"version-history":[{"count":1,"href":"https:\/\/eldiariodesanpedro.com.ar\/sitio\/wp-json\/wp\/v2\/posts\/79230\/revisions"}],"predecessor-version":[{"id":79231,"href":"https:\/\/eldiariodesanpedro.com.ar\/sitio\/wp-json\/wp\/v2\/posts\/79230\/revisions\/79231"}],"wp:featuredmedia":[{"embeddable":true,"href":"https:\/\/eldiariodesanpedro.com.ar\/sitio\/wp-json\/wp\/v2\/media\/76904"}],"wp:attachment":[{"href":"https:\/\/eldiariodesanpedro.com.ar\/sitio\/wp-json\/wp\/v2\/media?parent=79230"}],"wp:term":[{"taxonomy":"category","embeddable":true,"href":"https:\/\/eldiariodesanpedro.com.ar\/sitio\/wp-json\/wp\/v2\/categories?post=79230"},{"taxonomy":"post_tag","embeddable":true,"href":"https:\/\/eldiariodesanpedro.com.ar\/sitio\/wp-json\/wp\/v2\/tags?post=79230"}],"curies":[{"name":"wp","href":"https:\/\/api.w.org\/{rel}","templated":true}]}}