{"id":79228,"date":"2020-08-10T17:04:12","date_gmt":"2020-08-10T20:04:12","guid":{"rendered":"https:\/\/eldiariodesanpedro.com.ar\/sitio\/?p=79228"},"modified":"2020-08-10T17:04:16","modified_gmt":"2020-08-10T20:04:16","slug":"se-le-aplico-plasma-al-dr-sualdea-ya-que-no-evoluciona-como-se-esperaba","status":"publish","type":"post","link":"https:\/\/eldiariodesanpedro.com.ar\/sitio\/se-le-aplico-plasma-al-dr-sualdea-ya-que-no-evoluciona-como-se-esperaba\/","title":{"rendered":"Se le aplic\u00f3 plasma al Dr. Sualdea ya que no evoluciona como se esperaba"},"content":{"rendered":"<!-- VideographyWP Plugin Message: Automatic video embedding prevented by plugin options. -->\n\n<p>El Director del nosocomio local se encuentra internado por covid positivo desde hace una semana. Su salud no ha evolucionado como se esperaba y por eso se le efectu\u00f3 la transfusi\u00f3n.<\/p>\n\n\n\n<p>Mientras se trabaja sobre los casos detectados y se espera por los ex\u00e1menes pendientes, las autoridades de salud est\u00e1n pendientes del cuadro m\u00e9dico que presenta el Director del Hospital \u201cEmilio Ruffa\u201d, Dr. Javier Sualdea.<\/p>\n\n\n\n<p>El profesional permanece internado desde la semana pasada y su evoluci\u00f3n no ha sido la esperada, a tal punto que el equipo m\u00e9dico que asiste a los casos de covid positivo tom\u00f3 la decisi\u00f3n de efectuarle una transfusi\u00f3n de plasma para buscar que la salud del m\u00e9dico evolucione satisfactoriamente. &nbsp;&nbsp;<\/p>\n\n\n\n<p>\u201cSigue internado porque su cuadro present\u00f3 una evoluci\u00f3n despareja\u201d, manifest\u00f3 el Dr. Sancho, Secretario de Salud, en el aire de FM G\u00e9nesis.<\/p>\n\n\n\n<p>\u201cEl Dr. Sualdea es una persona sana pero esta es una enfermedad que a veces se comporta violentamente, en las \u00faltimas horas empez\u00f3 con requerimiento de ox\u00edgeno y una tomograf\u00eda que no fue muy buena por lo que el criterio cl\u00ednico decidi\u00f3 hacerle una transfusi\u00f3n de plasma situaci\u00f3n que se pudo concretar ayer\u201d.<\/p>\n\n\n\n<p>Con respecto al banco de plasma Sancho dijo que: \u201cEstamos trabajando con La Plata y Gral. Rodr\u00edguez, y hay que reconocer que desde hemoterapia Provincia est\u00e1n trabajando muy bien lo cual agradecemos\u201d.<\/p>\n\n\n\n<p>\u201cEn este caso se dio que el grupo y factor del Dr. Sualdea se encontraba en el banco y pudo llegar r\u00e1pido pero no todos los casos son iguales, hay otras personas que han tenido que esperar m\u00e1s\u201d.<\/p>\n\n\n\n<p>Fuente: <a href=\"https:\/\/www.sanpedroinforma.com.ar\/nota\/123569\/sociedad\/aplicaron-plasma-al-dr-javier-sualdea.html\">San Pedro Informa<\/a><\/p>\n","protected":false},"excerpt":{"rendered":"<p>El Director del nosocomio local se encuentra internado por covid positivo desde hace una semana. Su salud no ha evolucionado como se esperaba y por eso se le efectu\u00f3 la transfusi\u00f3n. Mientras se trabaja sobre los casos detectados y se espera por los ex\u00e1menes pendientes, las autoridades de salud est\u00e1n pendientes del cuadro m\u00e9dico que [&hellip;]<\/p>\n","protected":false},"author":4,"featured_media":78818,"comment_status":"open","ping_status":"closed","sticky":false,"template":"","format":"standard","meta":{"om_disable_all_campaigns":false,"_jetpack_memberships_contains_paid_content":false,"footnotes":""},"categories":[50,101,2],"tags":[],"class_list":["post-79228","post","type-post","status-publish","format-standard","has-post-thumbnail","hentry","category-destacadas","category-interes-general-locales","category-locales"],"aioseo_notices":[],"gutentor_comment":0,"jetpack_featured_media_url":"https:\/\/eldiariodesanpedro.com.ar\/sitio\/wp-content\/uploads\/2020\/08\/pers_Javier_Sualdea050315719538.jpg","jetpack_shortlink":"https:\/\/wp.me\/p6RhLt-kBS","jetpack_sharing_enabled":true,"_links":{"self":[{"href":"https:\/\/eldiariodesanpedro.com.ar\/sitio\/wp-json\/wp\/v2\/posts\/79228","targetHints":{"allow":["GET"]}}],"collection":[{"href":"https:\/\/eldiariodesanpedro.com.ar\/sitio\/wp-json\/wp\/v2\/posts"}],"about":[{"href":"https:\/\/eldiariodesanpedro.com.ar\/sitio\/wp-json\/wp\/v2\/types\/post"}],"author":[{"embeddable":true,"href":"https:\/\/eldiariodesanpedro.com.ar\/sitio\/wp-json\/wp\/v2\/users\/4"}],"replies":[{"embeddable":true,"href":"https:\/\/eldiariodesanpedro.com.ar\/sitio\/wp-json\/wp\/v2\/comments?post=79228"}],"version-history":[{"count":1,"href":"https:\/\/eldiariodesanpedro.com.ar\/sitio\/wp-json\/wp\/v2\/posts\/79228\/revisions"}],"predecessor-version":[{"id":79229,"href":"https:\/\/eldiariodesanpedro.com.ar\/sitio\/wp-json\/wp\/v2\/posts\/79228\/revisions\/79229"}],"wp:featuredmedia":[{"embeddable":true,"href":"https:\/\/eldiariodesanpedro.com.ar\/sitio\/wp-json\/wp\/v2\/media\/78818"}],"wp:attachment":[{"href":"https:\/\/eldiariodesanpedro.com.ar\/sitio\/wp-json\/wp\/v2\/media?parent=79228"}],"wp:term":[{"taxonomy":"category","embeddable":true,"href":"https:\/\/eldiariodesanpedro.com.ar\/sitio\/wp-json\/wp\/v2\/categories?post=79228"},{"taxonomy":"post_tag","embeddable":true,"href":"https:\/\/eldiariodesanpedro.com.ar\/sitio\/wp-json\/wp\/v2\/tags?post=79228"}],"curies":[{"name":"wp","href":"https:\/\/api.w.org\/{rel}","templated":true}]}}