{"id":79183,"date":"2020-08-08T12:20:56","date_gmt":"2020-08-08T15:20:56","guid":{"rendered":"https:\/\/eldiariodesanpedro.com.ar\/sitio\/?p=79183"},"modified":"2020-08-08T12:21:00","modified_gmt":"2020-08-08T15:21:00","slug":"baradero-esta-lacra-hija-de-puta-nos-arrebato-a-nuestro-angelito-por-venganza","status":"publish","type":"post","link":"https:\/\/eldiariodesanpedro.com.ar\/sitio\/baradero-esta-lacra-hija-de-puta-nos-arrebato-a-nuestro-angelito-por-venganza\/","title":{"rendered":"BARADERO | \u201cEsta lacra hija de puta nos arrebat\u00f3 a nuestro angelito por venganza\u201d"},"content":{"rendered":"<!-- VideographyWP Plugin Message: Automatic video embedding prevented by plugin options. -->\n\n<p>En&nbsp;<strong>\u00abLa Ma\u00f1ana y Yo\u00bb<\/strong>, nos comunicamos con Victor Noguera, hermano de Mar\u00eda Noguera, madre del nene de 3 a\u00f1os y pareja del polic\u00eda, ambos hallados muertos en la tarde de ayer en Alsina. As\u00ed se expresaba Noguera en nuestro medio:<\/p>\n\n\n\n<p><em>\u00abEstamos muy indignados porque nos dejaron a la deriva, estoy hablando a nivel pol\u00edtico y psicol\u00f3gico. La familia de esta lacra fue escondiendo todo. El intendente y toda la polic\u00eda lo \u00fanico que hicieron fue contener a la familia de \u00e9l.\u00bb<\/em><\/p>\n\n\n\n<p><em>\u00abMis dos nenes vieron la escena y no pudieron dormir, tuvieron pesadillas, ninguno de nosotros pudo dormir.\u00bb<\/em><\/p>\n\n\n\n<p><em>\u00abEstamos hechos pedazos, mi mujer y yo \u00e9ramos los padres para \u00e9l, nos dec\u00eda pap\u00e1 y mam\u00e1 y nos desviv\u00edamos por \u00e9l.\u00bb<\/em><\/p>\n\n\n\n<p><em>\u00abEra una relaci\u00f3n t\u00f3xica la de mi hermana con este tipo, \u00e9l era muy posesivo, le ten\u00eda celos y hasta al nene le ten\u00eda celos. \u00c9l le fue infiel con una mina de Alsina en julio del a\u00f1o pasado.\u00bb<\/em><\/p>\n\n\n\n<p><em><strong>\u00abNos cortaron las ganas de vivir. \u00c9l la maltrataba y era muy violento con ella. En diciembre \u00e9l le peg\u00f3 y la quer\u00eda matar. Yo la rescat\u00e9 y \u00e9l se la quer\u00eda llevar a toda costa de mi casa. La madre de \u00e9l le pidi\u00f3 a mi hermana que no haga la denuncia, que ella nos iba a brindar ayuda psicol\u00f3gica.\u00bb<\/strong><\/em><\/p>\n\n\n\n<p><em>\u00ab\u00c9l ayer la ech\u00f3 de la casa y le dijo que el nene se quedaba con el, que vaya m\u00e1s tarde a buscarlo.\u00bb<\/em><\/p>\n\n\n\n<p><strong>\u00abLO HIZO EN VENGANZA EL LOCO ESTE, SE LE FUE DE LAS MANOS. LO HABR\u00c1 MATADO AL NENE Y DESPU\u00c9S SE TUVO QUE MATAR \u00c9L, PORQUE SAB\u00cdA QUE SI YO LO AGARRABA, LO MATABA CON MIS MANOS.\u00bb<\/strong><\/p>\n\n\n\n<p><em>\u00abMi hermana est\u00e1 hecha un trapo, le arrebataron a su \u00fanico hijo, era la vida de ella. Ac\u00e1 en mi casa tengo juguetes, ropa, todo del nene. Esto es desgarrador, nos arruin\u00f3 la vida a todos.\u00bb<\/em><\/p>\n\n\n\n<p><em>\u00abNo entiendo por qu\u00e9 la polic\u00eda bonaerense investig\u00f3, si ten\u00eda que ser otra fuerza la que investigue el caso. Quiero que mi hermana salga limpia de esto, porque est\u00e1n buscando un culpable y no van a dejar las cosas as\u00ed. Los padres criaron a un monstruo y lo taparon.\u00bb<\/em><\/p>\n\n\n\n<p>Fuente: <a href=\"http:\/\/tiemponoticias.com.ar\/noba\/2020\/08\/06\/esta-lacra-hija-de-puta-nos-arrebato-a-nuestro-angelito-por-venganza\/\">Tiempo Noticias<\/a><\/p>\n","protected":false},"excerpt":{"rendered":"<p>En&nbsp;\u00abLa Ma\u00f1ana y Yo\u00bb, nos comunicamos con Victor Noguera, hermano de Mar\u00eda Noguera, madre del nene de 3 a\u00f1os y pareja del polic\u00eda, ambos hallados muertos en la tarde de ayer en Alsina. As\u00ed se expresaba Noguera en nuestro medio: \u00abEstamos muy indignados porque nos dejaron a la deriva, estoy hablando a nivel pol\u00edtico y [&hellip;]<\/p>\n","protected":false},"author":4,"featured_media":79184,"comment_status":"open","ping_status":"closed","sticky":false,"template":"","format":"standard","meta":{"om_disable_all_campaigns":false,"_jetpack_memberships_contains_paid_content":false,"footnotes":""},"categories":[621],"tags":[139,197,681],"class_list":["post-79183","post","type-post","status-publish","format-standard","has-post-thumbnail","hentry","category-regionales","tag-baradero","tag-buenos-aires","tag-regionales"],"aioseo_notices":[],"gutentor_comment":0,"jetpack_featured_media_url":"https:\/\/eldiariodesanpedro.com.ar\/sitio\/wp-content\/uploads\/2020\/08\/WhatsApp-Image-2020-08-05-at-19.52.16.jpeg","jetpack_shortlink":"https:\/\/wp.me\/p6RhLt-kB9","jetpack_sharing_enabled":true,"_links":{"self":[{"href":"https:\/\/eldiariodesanpedro.com.ar\/sitio\/wp-json\/wp\/v2\/posts\/79183","targetHints":{"allow":["GET"]}}],"collection":[{"href":"https:\/\/eldiariodesanpedro.com.ar\/sitio\/wp-json\/wp\/v2\/posts"}],"about":[{"href":"https:\/\/eldiariodesanpedro.com.ar\/sitio\/wp-json\/wp\/v2\/types\/post"}],"author":[{"embeddable":true,"href":"https:\/\/eldiariodesanpedro.com.ar\/sitio\/wp-json\/wp\/v2\/users\/4"}],"replies":[{"embeddable":true,"href":"https:\/\/eldiariodesanpedro.com.ar\/sitio\/wp-json\/wp\/v2\/comments?post=79183"}],"version-history":[{"count":1,"href":"https:\/\/eldiariodesanpedro.com.ar\/sitio\/wp-json\/wp\/v2\/posts\/79183\/revisions"}],"predecessor-version":[{"id":79185,"href":"https:\/\/eldiariodesanpedro.com.ar\/sitio\/wp-json\/wp\/v2\/posts\/79183\/revisions\/79185"}],"wp:featuredmedia":[{"embeddable":true,"href":"https:\/\/eldiariodesanpedro.com.ar\/sitio\/wp-json\/wp\/v2\/media\/79184"}],"wp:attachment":[{"href":"https:\/\/eldiariodesanpedro.com.ar\/sitio\/wp-json\/wp\/v2\/media?parent=79183"}],"wp:term":[{"taxonomy":"category","embeddable":true,"href":"https:\/\/eldiariodesanpedro.com.ar\/sitio\/wp-json\/wp\/v2\/categories?post=79183"},{"taxonomy":"post_tag","embeddable":true,"href":"https:\/\/eldiariodesanpedro.com.ar\/sitio\/wp-json\/wp\/v2\/tags?post=79183"}],"curies":[{"name":"wp","href":"https:\/\/api.w.org\/{rel}","templated":true}]}}