{"id":79177,"date":"2020-08-08T12:14:07","date_gmt":"2020-08-08T15:14:07","guid":{"rendered":"https:\/\/eldiariodesanpedro.com.ar\/sitio\/?p=79177"},"modified":"2020-08-08T12:14:11","modified_gmt":"2020-08-08T15:14:11","slug":"baradero-hcd-cambio-de-autoridades-en-el-gabinete-de-esteban-sanzio","status":"publish","type":"post","link":"https:\/\/eldiariodesanpedro.com.ar\/sitio\/baradero-hcd-cambio-de-autoridades-en-el-gabinete-de-esteban-sanzio\/","title":{"rendered":"BARADERO |  HCD: Cambio de autoridades en el gabinete de Esteban Sanzio"},"content":{"rendered":"<!-- VideographyWP Plugin Message: Automatic video embedding prevented by plugin options. -->\n\n<p>Rodolfo Lacabanne deje la funci\u00f3n y se haga cargo del Honorable Concejo Deliberante. La Secretar\u00eda de Gobierno ser\u00e1 comandada por Leticia Houriet.Por lo tanto, Silvana Iozzia dejar\u00e1 de ser la presidenta del concejo y pasar\u00e1 a ocupar la secretar\u00eda privada. <\/p>\n\n\n\n<p>Antonio Lacerna, exsecretario privado de la autoridad m\u00e1xima del distrito, ser\u00e1 quien desarrolle el Programa Pos-Pandemia que se aproxima<em>.<\/em>Es as\u00ed que, Rodolfo Lacabanne ser\u00e1 el presidente del Honorable Concejo Deliberante, Leticia Houriet la secretaria de gobierno, Silvana Iozzia la secretaria privada del intendente y Antonio Lacerna encabezar\u00e1 los lineamientos del Programa Pos-Pandemia.<\/p>\n\n\n\n<p>Fuente: <a href=\"http:\/\/tiemponoticias.com.ar\/noba\/2020\/08\/07\/hcd-cambio-de-autoridades-en-el-gabinete-de-esteban-sanzio\/\">Tiempo Noticias<\/a><\/p>\n","protected":false},"excerpt":{"rendered":"<p>Rodolfo Lacabanne deje la funci\u00f3n y se haga cargo del Honorable Concejo Deliberante. La Secretar\u00eda de Gobierno ser\u00e1 comandada por Leticia Houriet.Por lo tanto, Silvana Iozzia dejar\u00e1 de ser la presidenta del concejo y pasar\u00e1 a ocupar la secretar\u00eda privada. Antonio Lacerna, exsecretario privado de la autoridad m\u00e1xima del distrito, ser\u00e1 quien desarrolle el Programa [&hellip;]<\/p>\n","protected":false},"author":4,"featured_media":79178,"comment_status":"open","ping_status":"closed","sticky":false,"template":"","format":"standard","meta":{"om_disable_all_campaigns":false,"_jetpack_memberships_contains_paid_content":false,"footnotes":""},"categories":[621],"tags":[197,686,681],"class_list":["post-79177","post","type-post","status-publish","format-standard","has-post-thumbnail","hentry","category-regionales","tag-buenos-aires","tag-campana-2","tag-regionales"],"aioseo_notices":[],"gutentor_comment":0,"jetpack_featured_media_url":"https:\/\/eldiariodesanpedro.com.ar\/sitio\/wp-content\/uploads\/2020\/08\/WhatsApp-Image-2020-08-07-at-11.32.05.jpeg","jetpack_shortlink":"https:\/\/wp.me\/p6RhLt-kB3","jetpack_sharing_enabled":true,"_links":{"self":[{"href":"https:\/\/eldiariodesanpedro.com.ar\/sitio\/wp-json\/wp\/v2\/posts\/79177","targetHints":{"allow":["GET"]}}],"collection":[{"href":"https:\/\/eldiariodesanpedro.com.ar\/sitio\/wp-json\/wp\/v2\/posts"}],"about":[{"href":"https:\/\/eldiariodesanpedro.com.ar\/sitio\/wp-json\/wp\/v2\/types\/post"}],"author":[{"embeddable":true,"href":"https:\/\/eldiariodesanpedro.com.ar\/sitio\/wp-json\/wp\/v2\/users\/4"}],"replies":[{"embeddable":true,"href":"https:\/\/eldiariodesanpedro.com.ar\/sitio\/wp-json\/wp\/v2\/comments?post=79177"}],"version-history":[{"count":1,"href":"https:\/\/eldiariodesanpedro.com.ar\/sitio\/wp-json\/wp\/v2\/posts\/79177\/revisions"}],"predecessor-version":[{"id":79179,"href":"https:\/\/eldiariodesanpedro.com.ar\/sitio\/wp-json\/wp\/v2\/posts\/79177\/revisions\/79179"}],"wp:featuredmedia":[{"embeddable":true,"href":"https:\/\/eldiariodesanpedro.com.ar\/sitio\/wp-json\/wp\/v2\/media\/79178"}],"wp:attachment":[{"href":"https:\/\/eldiariodesanpedro.com.ar\/sitio\/wp-json\/wp\/v2\/media?parent=79177"}],"wp:term":[{"taxonomy":"category","embeddable":true,"href":"https:\/\/eldiariodesanpedro.com.ar\/sitio\/wp-json\/wp\/v2\/categories?post=79177"},{"taxonomy":"post_tag","embeddable":true,"href":"https:\/\/eldiariodesanpedro.com.ar\/sitio\/wp-json\/wp\/v2\/tags?post=79177"}],"curies":[{"name":"wp","href":"https:\/\/api.w.org\/{rel}","templated":true}]}}