{"id":79174,"date":"2020-08-08T12:11:15","date_gmt":"2020-08-08T15:11:15","guid":{"rendered":"https:\/\/eldiariodesanpedro.com.ar\/sitio\/?p=79174"},"modified":"2020-08-08T12:11:19","modified_gmt":"2020-08-08T15:11:19","slug":"san-nicolas-murio-un-joven-de-19-anos-al-ser-apunalado","status":"publish","type":"post","link":"https:\/\/eldiariodesanpedro.com.ar\/sitio\/san-nicolas-murio-un-joven-de-19-anos-al-ser-apunalado\/","title":{"rendered":"SAN NICOL\u00c1S | Muri\u00f3 un joven de 19 a\u00f1os al ser apu\u00f1alado"},"content":{"rendered":"<!-- VideographyWP Plugin Message: Automatic video embedding prevented by plugin options. -->\n\n<p>El joven de 19 a\u00f1os de apellido Franco, fue apu\u00f1alado en Guido Lavalle y Ameghino. Fue trasladado al hospital San Felipe y falleci\u00f3 minutos despu\u00e9s mientras estaba siendo asistido por el equipo m\u00e9dico.<\/p>\n\n\n\n<p>Trascendi\u00f3 que una discusi\u00f3n habr\u00eda sido desencadenante del conflicto. Un grupo de j\u00f3venes en el que estaba la v\u00edctima, habr\u00eda atacado a otro que tras la agresi\u00f3n busc\u00f3 una cuchilla para defenderse.<\/p>\n\n\n\n<p>Hay un joven detenido que se present\u00f3 voluntariamente en la Comisar\u00eda.<\/p>\n\n\n\n<p>Fuente: <a href=\"http:\/\/www.diarioelinformante.com.ar\/nota-58503_muri-un-joven-de-19-aos-al-ser-apualado#\">Diario El Informante<\/a><\/p>\n","protected":false},"excerpt":{"rendered":"<p>El joven de 19 a\u00f1os de apellido Franco, fue apu\u00f1alado en Guido Lavalle y Ameghino. Fue trasladado al hospital San Felipe y falleci\u00f3 minutos despu\u00e9s mientras estaba siendo asistido por el equipo m\u00e9dico. Trascendi\u00f3 que una discusi\u00f3n habr\u00eda sido desencadenante del conflicto. Un grupo de j\u00f3venes en el que estaba la v\u00edctima, habr\u00eda atacado a [&hellip;]<\/p>\n","protected":false},"author":4,"featured_media":79175,"comment_status":"open","ping_status":"closed","sticky":false,"template":"","format":"standard","meta":{"om_disable_all_campaigns":false,"_jetpack_memberships_contains_paid_content":false,"footnotes":""},"categories":[621],"tags":[197,681,714],"class_list":["post-79174","post","type-post","status-publish","format-standard","has-post-thumbnail","hentry","category-regionales","tag-buenos-aires","tag-regionales","tag-san-nicolas"],"aioseo_notices":[],"gutentor_comment":0,"jetpack_featured_media_url":"https:\/\/eldiariodesanpedro.com.ar\/sitio\/wp-content\/uploads\/2020\/08\/conmarca27584.jpg","jetpack_shortlink":"https:\/\/wp.me\/p6RhLt-kB0","jetpack_sharing_enabled":true,"_links":{"self":[{"href":"https:\/\/eldiariodesanpedro.com.ar\/sitio\/wp-json\/wp\/v2\/posts\/79174","targetHints":{"allow":["GET"]}}],"collection":[{"href":"https:\/\/eldiariodesanpedro.com.ar\/sitio\/wp-json\/wp\/v2\/posts"}],"about":[{"href":"https:\/\/eldiariodesanpedro.com.ar\/sitio\/wp-json\/wp\/v2\/types\/post"}],"author":[{"embeddable":true,"href":"https:\/\/eldiariodesanpedro.com.ar\/sitio\/wp-json\/wp\/v2\/users\/4"}],"replies":[{"embeddable":true,"href":"https:\/\/eldiariodesanpedro.com.ar\/sitio\/wp-json\/wp\/v2\/comments?post=79174"}],"version-history":[{"count":1,"href":"https:\/\/eldiariodesanpedro.com.ar\/sitio\/wp-json\/wp\/v2\/posts\/79174\/revisions"}],"predecessor-version":[{"id":79176,"href":"https:\/\/eldiariodesanpedro.com.ar\/sitio\/wp-json\/wp\/v2\/posts\/79174\/revisions\/79176"}],"wp:featuredmedia":[{"embeddable":true,"href":"https:\/\/eldiariodesanpedro.com.ar\/sitio\/wp-json\/wp\/v2\/media\/79175"}],"wp:attachment":[{"href":"https:\/\/eldiariodesanpedro.com.ar\/sitio\/wp-json\/wp\/v2\/media?parent=79174"}],"wp:term":[{"taxonomy":"category","embeddable":true,"href":"https:\/\/eldiariodesanpedro.com.ar\/sitio\/wp-json\/wp\/v2\/categories?post=79174"},{"taxonomy":"post_tag","embeddable":true,"href":"https:\/\/eldiariodesanpedro.com.ar\/sitio\/wp-json\/wp\/v2\/tags?post=79174"}],"curies":[{"name":"wp","href":"https:\/\/api.w.org\/{rel}","templated":true}]}}