{"id":79171,"date":"2020-08-08T12:09:10","date_gmt":"2020-08-08T15:09:10","guid":{"rendered":"https:\/\/eldiariodesanpedro.com.ar\/sitio\/?p=79171"},"modified":"2020-08-08T12:09:15","modified_gmt":"2020-08-08T15:09:15","slug":"san-nicolas-lo-golpearon-ataron-y-robaron","status":"publish","type":"post","link":"https:\/\/eldiariodesanpedro.com.ar\/sitio\/san-nicolas-lo-golpearon-ataron-y-robaron\/","title":{"rendered":"SAN NICOL\u00c1S | Lo golpearon, ataron y robaron"},"content":{"rendered":"<!-- VideographyWP Plugin Message: Automatic video embedding prevented by plugin options. -->\n\n<p>D\u00edas pasados un joven en su domicilio fue agredido por dos conocidos quienes lo maniataron, amenazaron con un arma de fuego y robaron sus pertenencias, adem\u00e1s se sum\u00f3 al atraco una mujer que tambi\u00e9n lo golpe\u00f3. Tras tareas investigativas personal de la DDI realiz\u00f3 un allanamiento y aprehendi\u00f3 a uno de los presuntos agresores.<\/p>\n\n\n\n<p>D\u00edas pasados un episodio de much\u00edsima violencia fue el que vivi\u00f3 un joven de 20 a\u00f1os en su propio domicilio. Aparentemente el muchacho estaba con dos presuntos amigos, que en determinado momento uno de ellos lo golpea con un martillo en la cabeza, y aprovechando la confusi\u00f3n y el dolor lo atan de pies y manos en el fondo del domicilio y lo amenazan con un arma de fuego. Seguidamente se present\u00f3 una mujer quien comenz\u00f3 a golpearlo y le sustrajeron sus pertenencias.<\/p>\n\n\n\n<p>Allanamientos<br>A ra\u00edz de tareas de inteligencia criminal (relevamientos en el lugar de los hechos, an\u00e1lisis de c\u00e1maras de seguridad, declaraciones testimoniales recepcionadas) desplegadas por personal del grupo operativo de la DDI San Nicol\u00e1s lograron establecer fehacientemente la identidad de los autores materiales del hecho. De acuerdo a los resultados de la pesquisas llevaron a cabo dos diligencias de allanamiento, las cuales fueron realizadas con el apoyo de la jefatura departamental de seguridad, procediendo en Carbajo a la altura aproximada del 200 a la detenci\u00f3n de uno de los presuntos delincuentes, siendo un sujeto de 35 a\u00f1os. Se contin\u00faa con las tareas investigativas para identificar a los restantes coautores. La investigaci\u00f3n se llev\u00f3 a cabo con Dr. Julio Tanus de Unidad Funcional de Instrucci\u00f3n Nro. 3, Juzgado de Garant\u00edas nro. 3 a cargo de la Dra. Mar\u00eda Eugenia Maiztegui, ambos del Dpto. Judicial San Nicol\u00e1s.<\/p>\n\n\n\n<p>Fuente: <a href=\"https:\/\/diarioelnorte.com.ar\/nota?id_noticia=7391\">Diario El Norte<\/a><\/p>\n","protected":false},"excerpt":{"rendered":"<p>D\u00edas pasados un joven en su domicilio fue agredido por dos conocidos quienes lo maniataron, amenazaron con un arma de fuego y robaron sus pertenencias, adem\u00e1s se sum\u00f3 al atraco una mujer que tambi\u00e9n lo golpe\u00f3. Tras tareas investigativas personal de la DDI realiz\u00f3 un allanamiento y aprehendi\u00f3 a uno de los presuntos agresores. D\u00edas [&hellip;]<\/p>\n","protected":false},"author":4,"featured_media":79172,"comment_status":"open","ping_status":"closed","sticky":false,"template":"","format":"standard","meta":{"om_disable_all_campaigns":false,"_jetpack_memberships_contains_paid_content":false,"footnotes":""},"categories":[621],"tags":[681],"class_list":["post-79171","post","type-post","status-publish","format-standard","has-post-thumbnail","hentry","category-regionales","tag-regionales"],"aioseo_notices":[],"gutentor_comment":0,"jetpack_featured_media_url":"https:\/\/eldiariodesanpedro.com.ar\/sitio\/wp-content\/uploads\/2020\/08\/0-2.jpg","jetpack_shortlink":"https:\/\/wp.me\/p6RhLt-kAX","jetpack_sharing_enabled":true,"_links":{"self":[{"href":"https:\/\/eldiariodesanpedro.com.ar\/sitio\/wp-json\/wp\/v2\/posts\/79171","targetHints":{"allow":["GET"]}}],"collection":[{"href":"https:\/\/eldiariodesanpedro.com.ar\/sitio\/wp-json\/wp\/v2\/posts"}],"about":[{"href":"https:\/\/eldiariodesanpedro.com.ar\/sitio\/wp-json\/wp\/v2\/types\/post"}],"author":[{"embeddable":true,"href":"https:\/\/eldiariodesanpedro.com.ar\/sitio\/wp-json\/wp\/v2\/users\/4"}],"replies":[{"embeddable":true,"href":"https:\/\/eldiariodesanpedro.com.ar\/sitio\/wp-json\/wp\/v2\/comments?post=79171"}],"version-history":[{"count":1,"href":"https:\/\/eldiariodesanpedro.com.ar\/sitio\/wp-json\/wp\/v2\/posts\/79171\/revisions"}],"predecessor-version":[{"id":79173,"href":"https:\/\/eldiariodesanpedro.com.ar\/sitio\/wp-json\/wp\/v2\/posts\/79171\/revisions\/79173"}],"wp:featuredmedia":[{"embeddable":true,"href":"https:\/\/eldiariodesanpedro.com.ar\/sitio\/wp-json\/wp\/v2\/media\/79172"}],"wp:attachment":[{"href":"https:\/\/eldiariodesanpedro.com.ar\/sitio\/wp-json\/wp\/v2\/media?parent=79171"}],"wp:term":[{"taxonomy":"category","embeddable":true,"href":"https:\/\/eldiariodesanpedro.com.ar\/sitio\/wp-json\/wp\/v2\/categories?post=79171"},{"taxonomy":"post_tag","embeddable":true,"href":"https:\/\/eldiariodesanpedro.com.ar\/sitio\/wp-json\/wp\/v2\/tags?post=79171"}],"curies":[{"name":"wp","href":"https:\/\/api.w.org\/{rel}","templated":true}]}}