{"id":79168,"date":"2020-08-08T12:06:25","date_gmt":"2020-08-08T15:06:25","guid":{"rendered":"https:\/\/eldiariodesanpedro.com.ar\/sitio\/?p=79168"},"modified":"2020-08-08T12:06:29","modified_gmt":"2020-08-08T15:06:29","slug":"campana-aprehenden-a-un-sujeto-por-romper-el-pavimento-para-hacer-una-conexion-ilegal","status":"publish","type":"post","link":"https:\/\/eldiariodesanpedro.com.ar\/sitio\/campana-aprehenden-a-un-sujeto-por-romper-el-pavimento-para-hacer-una-conexion-ilegal\/","title":{"rendered":"CAMPANA | Aprehenden a un sujeto por romper el pavimento para hacer una conexi\u00f3n ilegal"},"content":{"rendered":"<!-- VideographyWP Plugin Message: Automatic video embedding prevented by plugin options. -->\n\n<p><strong><em>Ocurri\u00f3 en Barrio Las Praderas. Se trata de un hombre de 42 a\u00f1os que fue sorprendido \u00abin fraganti\u00bb rompiendo la cinta asf\u00e1ltica con intenci\u00f3n de colocar una ca\u00f1er\u00eda de agua. Actu\u00f3 el Comando de Patrulla.<\/em><\/strong><\/p>\n\n\n\n<p>Con la intervenci\u00f3n de la Secretar\u00eda de Seguridad y Prevenci\u00f3n Ciudadana del Municipio, a trav\u00e9s de la Mesa de Enlace, el Comando Patrulla logr\u00f3 aprehender a un sujeto que se encontraba da\u00f1ando la carpeta asf\u00e1ltica de la calle Grassi del barrio Las Praderas.<\/p>\n\n\n\n<p>Se trata de un hombre de 42 a\u00f1os que estaba rompiendo el pavimento, en todo el ancho de la calle -entre Harrichabalet e Ilarramendi- con la intenci\u00f3n de colocar una ca\u00f1er\u00eda de agua y realizar una conexi\u00f3n clandestina de agua.<\/p>\n\n\n\n<p>Ante ello, fue trasladado a la Comisaria Campana y se le iniciaron actuaciones por Da\u00f1o Calificado.<\/p>\n\n\n\n<p>Fuente: <a href=\"https:\/\/www.laautenticadefensa.net\/172891\">La Autentica defensa<\/a><\/p>\n","protected":false},"excerpt":{"rendered":"<p>Ocurri\u00f3 en Barrio Las Praderas. Se trata de un hombre de 42 a\u00f1os que fue sorprendido \u00abin fraganti\u00bb rompiendo la cinta asf\u00e1ltica con intenci\u00f3n de colocar una ca\u00f1er\u00eda de agua. Actu\u00f3 el Comando de Patrulla. Con la intervenci\u00f3n de la Secretar\u00eda de Seguridad y Prevenci\u00f3n Ciudadana del Municipio, a trav\u00e9s de la Mesa de Enlace, [&hellip;]<\/p>\n","protected":false},"author":4,"featured_media":79169,"comment_status":"open","ping_status":"closed","sticky":false,"template":"","format":"standard","meta":{"om_disable_all_campaigns":false,"_jetpack_memberships_contains_paid_content":false,"footnotes":""},"categories":[621],"tags":[197,686,681],"class_list":["post-79168","post","type-post","status-publish","format-standard","has-post-thumbnail","hentry","category-regionales","tag-buenos-aires","tag-campana-2","tag-regionales"],"aioseo_notices":[],"gutentor_comment":0,"jetpack_featured_media_url":"https:\/\/eldiariodesanpedro.com.ar\/sitio\/wp-content\/uploads\/2020\/08\/200807-22.jpg","jetpack_shortlink":"https:\/\/wp.me\/p6RhLt-kAU","jetpack_sharing_enabled":true,"_links":{"self":[{"href":"https:\/\/eldiariodesanpedro.com.ar\/sitio\/wp-json\/wp\/v2\/posts\/79168","targetHints":{"allow":["GET"]}}],"collection":[{"href":"https:\/\/eldiariodesanpedro.com.ar\/sitio\/wp-json\/wp\/v2\/posts"}],"about":[{"href":"https:\/\/eldiariodesanpedro.com.ar\/sitio\/wp-json\/wp\/v2\/types\/post"}],"author":[{"embeddable":true,"href":"https:\/\/eldiariodesanpedro.com.ar\/sitio\/wp-json\/wp\/v2\/users\/4"}],"replies":[{"embeddable":true,"href":"https:\/\/eldiariodesanpedro.com.ar\/sitio\/wp-json\/wp\/v2\/comments?post=79168"}],"version-history":[{"count":1,"href":"https:\/\/eldiariodesanpedro.com.ar\/sitio\/wp-json\/wp\/v2\/posts\/79168\/revisions"}],"predecessor-version":[{"id":79170,"href":"https:\/\/eldiariodesanpedro.com.ar\/sitio\/wp-json\/wp\/v2\/posts\/79168\/revisions\/79170"}],"wp:featuredmedia":[{"embeddable":true,"href":"https:\/\/eldiariodesanpedro.com.ar\/sitio\/wp-json\/wp\/v2\/media\/79169"}],"wp:attachment":[{"href":"https:\/\/eldiariodesanpedro.com.ar\/sitio\/wp-json\/wp\/v2\/media?parent=79168"}],"wp:term":[{"taxonomy":"category","embeddable":true,"href":"https:\/\/eldiariodesanpedro.com.ar\/sitio\/wp-json\/wp\/v2\/categories?post=79168"},{"taxonomy":"post_tag","embeddable":true,"href":"https:\/\/eldiariodesanpedro.com.ar\/sitio\/wp-json\/wp\/v2\/tags?post=79168"}],"curies":[{"name":"wp","href":"https:\/\/api.w.org\/{rel}","templated":true}]}}