{"id":79157,"date":"2020-08-08T11:59:08","date_gmt":"2020-08-08T14:59:08","guid":{"rendered":"https:\/\/eldiariodesanpedro.com.ar\/sitio\/?p=79157"},"modified":"2020-08-08T12:00:25","modified_gmt":"2020-08-08T15:00:25","slug":"campana-desbaratan-banda-que-robaba-vehiculos","status":"publish","type":"post","link":"https:\/\/eldiariodesanpedro.com.ar\/sitio\/campana-desbaratan-banda-que-robaba-vehiculos\/","title":{"rendered":"CAMPANA | Desbaratan banda que robaba veh\u00edculos"},"content":{"rendered":"<!-- VideographyWP Plugin Message: Automatic video embedding prevented by plugin options. -->\n\n<p>La DDI Z\u00e1rate \u2013 Campana logr\u00f3 desbaratar esta madrugada una banda que robaba veh\u00edculos a partir de un aporte clave que realiz\u00f3 la Secretar\u00eda de Seguridad y Prevenci\u00f3n Ciudadana, a trav\u00e9s del CIMoPU.<\/p>\n\n\n\n<figure class=\"wp-block-embed-youtube wp-block-embed is-type-video is-provider-youtube wp-embed-aspect-4-3 wp-has-aspect-ratio\"><div class=\"wp-block-embed__wrapper\">\n<iframe  style=\"display: block; margin: 0px auto;\"  id=\"_ytid_94164\"  width=\"640\" height=\"480\"  data-origwidth=\"640\" data-origheight=\"480\" src=\"https:\/\/www.youtube.com\/embed\/1iAuKtT6g9E?enablejsapi=1&#038;autoplay=0&#038;cc_load_policy=0&#038;cc_lang_pref=&#038;iv_load_policy=1&#038;loop=0&#038;rel=1&#038;fs=1&#038;playsinline=0&#038;autohide=2&#038;theme=dark&#038;color=red&#038;controls=1&#038;disablekb=0&#038;\" class=\"__youtube_prefs__  epyt-is-override  no-lazyload\" title=\"YouTube player\"  allow=\"fullscreen; accelerometer; autoplay; clipboard-write; encrypted-media; gyroscope; picture-in-picture; web-share\" referrerpolicy=\"strict-origin-when-cross-origin\" allowfullscreen data-no-lazy=\"1\" data-skipgform_ajax_framebjll=\"\"><\/iframe>\n<\/div><\/figure>\n\n\n\n<p>La investigaci\u00f3n comenz\u00f3 a fines de julio cuando las c\u00e1maras de seguridad del Municipio capturaron el robo de un Volkswagen Bora perpetuado por cuatro personas armadas que se movilizaban en un Chevrolet Corsa, color blanco y sin patente.<\/p>\n\n\n\n<p>Tras identificar a los autores y constatar sus domicilios, personal de la DDI solicit\u00f3 a la Justicia el allanamiento logrando la detenci\u00f3n de un sujeto y la aprehensi\u00f3n de otras 3, todos mayores de edad.<\/p>\n\n\n\n<p>En el mismo, efectuado en una vivienda de la calle San Luis al 400 de la ciudad de Campana, los efectivos fueron agredidos a piedrazos y\u00a0 personal del GAD repeli\u00f3 con escopeta de posta de goma resultando heridos un polic\u00eda y un delincuente.<\/p>\n\n\n\n<p>Fuente: <a href=\"https:\/\/impactolocal.com.ar\/2020\/08\/06\/desbaratan-banda-que-robaba-vehiculos\/\">Impacto Local<\/a><\/p>\n","protected":false},"excerpt":{"rendered":"<p>La DDI Z\u00e1rate \u2013 Campana logr\u00f3 desbaratar esta madrugada una banda que robaba veh\u00edculos a partir de un aporte clave que realiz\u00f3 la Secretar\u00eda de Seguridad y Prevenci\u00f3n Ciudadana, a trav\u00e9s del CIMoPU. La investigaci\u00f3n comenz\u00f3 a fines de julio cuando las c\u00e1maras de seguridad del Municipio capturaron el robo de un Volkswagen Bora perpetuado [&hellip;]<\/p>\n","protected":false},"author":4,"featured_media":79158,"comment_status":"open","ping_status":"closed","sticky":false,"template":"","format":"standard","meta":{"om_disable_all_campaigns":false,"_jetpack_memberships_contains_paid_content":false,"footnotes":""},"categories":[621],"tags":[197,686,681],"class_list":["post-79157","post","type-post","status-publish","format-standard","has-post-thumbnail","hentry","category-regionales","tag-buenos-aires","tag-campana-2","tag-regionales"],"aioseo_notices":[],"gutentor_comment":0,"jetpack_featured_media_url":"https:\/\/eldiariodesanpedro.com.ar\/sitio\/wp-content\/uploads\/2020\/08\/ddi.jpg","jetpack_shortlink":"https:\/\/wp.me\/p6RhLt-kAJ","jetpack_sharing_enabled":true,"_links":{"self":[{"href":"https:\/\/eldiariodesanpedro.com.ar\/sitio\/wp-json\/wp\/v2\/posts\/79157","targetHints":{"allow":["GET"]}}],"collection":[{"href":"https:\/\/eldiariodesanpedro.com.ar\/sitio\/wp-json\/wp\/v2\/posts"}],"about":[{"href":"https:\/\/eldiariodesanpedro.com.ar\/sitio\/wp-json\/wp\/v2\/types\/post"}],"author":[{"embeddable":true,"href":"https:\/\/eldiariodesanpedro.com.ar\/sitio\/wp-json\/wp\/v2\/users\/4"}],"replies":[{"embeddable":true,"href":"https:\/\/eldiariodesanpedro.com.ar\/sitio\/wp-json\/wp\/v2\/comments?post=79157"}],"version-history":[{"count":2,"href":"https:\/\/eldiariodesanpedro.com.ar\/sitio\/wp-json\/wp\/v2\/posts\/79157\/revisions"}],"predecessor-version":[{"id":79161,"href":"https:\/\/eldiariodesanpedro.com.ar\/sitio\/wp-json\/wp\/v2\/posts\/79157\/revisions\/79161"}],"wp:featuredmedia":[{"embeddable":true,"href":"https:\/\/eldiariodesanpedro.com.ar\/sitio\/wp-json\/wp\/v2\/media\/79158"}],"wp:attachment":[{"href":"https:\/\/eldiariodesanpedro.com.ar\/sitio\/wp-json\/wp\/v2\/media?parent=79157"}],"wp:term":[{"taxonomy":"category","embeddable":true,"href":"https:\/\/eldiariodesanpedro.com.ar\/sitio\/wp-json\/wp\/v2\/categories?post=79157"},{"taxonomy":"post_tag","embeddable":true,"href":"https:\/\/eldiariodesanpedro.com.ar\/sitio\/wp-json\/wp\/v2\/tags?post=79157"}],"curies":[{"name":"wp","href":"https:\/\/api.w.org\/{rel}","templated":true}]}}