{"id":79154,"date":"2020-08-08T11:55:51","date_gmt":"2020-08-08T14:55:51","guid":{"rendered":"https:\/\/eldiariodesanpedro.com.ar\/sitio\/?p=79154"},"modified":"2020-08-08T11:55:56","modified_gmt":"2020-08-08T14:55:56","slug":"campana-movil-policial-del-gad-despisto-en-la-panamericana","status":"publish","type":"post","link":"https:\/\/eldiariodesanpedro.com.ar\/sitio\/campana-movil-policial-del-gad-despisto-en-la-panamericana\/","title":{"rendered":"CAMPANA | M\u00f3vil policial del GAD despist\u00f3 en la Panamericana"},"content":{"rendered":"<!-- VideographyWP Plugin Message: Automatic video embedding prevented by plugin options. -->\n\n<p>Ocurri\u00f3 sobre ruta Panamericana a la altura del km 61 sentido provincia. Dos ocupantes resultaron con heridas leves y fueron asistidas en el lugar\u200b.<\/p>\n\n\n\n<p>En horas de la ma\u00f1ana ocurri\u00f3 un accidente sobre ruta Panamericana a la altura de R\u00edo Luj\u00e1n, mano a provincia, donde una camioneta Chrysler RAM perteneciente al GAD, rompi\u00f3 la cubierta trasera por lo que perdi\u00f3 el control, hizo un trompo y tras salir de la autopista, golpe\u00f3 contra el guardarrail y termin\u00f3 en el sector que se encuentra al costado de la ruta.<\/p>\n\n\n\n<p>Afortunadamente las dos ocupantes, integrantes de personal femenino, solo sufrieron golpes leves.<\/p>\n\n\n\n<p>Fuente:  <a href=\"https:\/\/impactolocal.com.ar\/2020\/08\/07\/movil-policial-del-gad-despisto-en-la-panamericana\/\">Imapcto Local<\/a><\/p>\n","protected":false},"excerpt":{"rendered":"<p>Ocurri\u00f3 sobre ruta Panamericana a la altura del km 61 sentido provincia. Dos ocupantes resultaron con heridas leves y fueron asistidas en el lugar\u200b. En horas de la ma\u00f1ana ocurri\u00f3 un accidente sobre ruta Panamericana a la altura de R\u00edo Luj\u00e1n, mano a provincia, donde una camioneta Chrysler RAM perteneciente al GAD, rompi\u00f3 la cubierta [&hellip;]<\/p>\n","protected":false},"author":4,"featured_media":79155,"comment_status":"open","ping_status":"closed","sticky":false,"template":"","format":"standard","meta":{"om_disable_all_campaigns":false,"_jetpack_memberships_contains_paid_content":false,"footnotes":""},"categories":[621],"tags":[197,686,681],"class_list":["post-79154","post","type-post","status-publish","format-standard","has-post-thumbnail","hentry","category-regionales","tag-buenos-aires","tag-campana-2","tag-regionales"],"aioseo_notices":[],"gutentor_comment":0,"jetpack_featured_media_url":"https:\/\/eldiariodesanpedro.com.ar\/sitio\/wp-content\/uploads\/2020\/08\/117172028_2544804075829804_1999282603573466926_o.jpg","jetpack_shortlink":"https:\/\/wp.me\/p6RhLt-kAG","jetpack_sharing_enabled":true,"_links":{"self":[{"href":"https:\/\/eldiariodesanpedro.com.ar\/sitio\/wp-json\/wp\/v2\/posts\/79154","targetHints":{"allow":["GET"]}}],"collection":[{"href":"https:\/\/eldiariodesanpedro.com.ar\/sitio\/wp-json\/wp\/v2\/posts"}],"about":[{"href":"https:\/\/eldiariodesanpedro.com.ar\/sitio\/wp-json\/wp\/v2\/types\/post"}],"author":[{"embeddable":true,"href":"https:\/\/eldiariodesanpedro.com.ar\/sitio\/wp-json\/wp\/v2\/users\/4"}],"replies":[{"embeddable":true,"href":"https:\/\/eldiariodesanpedro.com.ar\/sitio\/wp-json\/wp\/v2\/comments?post=79154"}],"version-history":[{"count":1,"href":"https:\/\/eldiariodesanpedro.com.ar\/sitio\/wp-json\/wp\/v2\/posts\/79154\/revisions"}],"predecessor-version":[{"id":79156,"href":"https:\/\/eldiariodesanpedro.com.ar\/sitio\/wp-json\/wp\/v2\/posts\/79154\/revisions\/79156"}],"wp:featuredmedia":[{"embeddable":true,"href":"https:\/\/eldiariodesanpedro.com.ar\/sitio\/wp-json\/wp\/v2\/media\/79155"}],"wp:attachment":[{"href":"https:\/\/eldiariodesanpedro.com.ar\/sitio\/wp-json\/wp\/v2\/media?parent=79154"}],"wp:term":[{"taxonomy":"category","embeddable":true,"href":"https:\/\/eldiariodesanpedro.com.ar\/sitio\/wp-json\/wp\/v2\/categories?post=79154"},{"taxonomy":"post_tag","embeddable":true,"href":"https:\/\/eldiariodesanpedro.com.ar\/sitio\/wp-json\/wp\/v2\/tags?post=79154"}],"curies":[{"name":"wp","href":"https:\/\/api.w.org\/{rel}","templated":true}]}}