{"id":79151,"date":"2020-08-08T11:53:32","date_gmt":"2020-08-08T14:53:32","guid":{"rendered":"https:\/\/eldiariodesanpedro.com.ar\/sitio\/?p=79151"},"modified":"2020-08-08T11:53:36","modified_gmt":"2020-08-08T14:53:36","slug":"el-gobierno-anuncio-que-otorgara-un-subsidio-de-15-000-pesos-a-familiares-de-fallecidos-por-coronavirus","status":"publish","type":"post","link":"https:\/\/eldiariodesanpedro.com.ar\/sitio\/el-gobierno-anuncio-que-otorgara-un-subsidio-de-15-000-pesos-a-familiares-de-fallecidos-por-coronavirus\/","title":{"rendered":"El Gobierno anunci\u00f3 que otorgar\u00e1 un subsidio de 15.000 pesos a familiares de fallecidos por Coronavirus"},"content":{"rendered":"<!-- VideographyWP Plugin Message: Automatic video embedding prevented by plugin options. -->\n\n<p>As\u00ed lo estableci\u00f3 el decreto 655\/2020 publicado este s\u00e1bado en el Bolet\u00edn Oficial, que lleva la firma del presidente Alberto Fern\u00e1ndez; del jefe de Gabinete, Santiago Cafiero; y del ministro de Trabajo, Claudio Moroni.<\/p>\n\n\n\n<p>La norma, que fija el monto en 15.000 pesos, ampl\u00eda el subsidio a los familiares de las personas fallecidas por Covid-19 que, al momento de su muerte \u201cse encontraban desocupadas; o se desempe\u00f1aban en la econom\u00eda informal; o se encontraban inscriptas en las categor\u00edas \u201cA\u201d y \u201cB\u201d del R\u00e9gimen Simplificado para Peque\u00f1os Contribuyentes\u201d.<\/p>\n\n\n\n<p>Abarca tambi\u00e9n a los familiares de los fallecidos que se encontraban inscritos en el R\u00e9gimen de Inclusi\u00f3n Social y Promoci\u00f3n del Trabajo Independiente.<\/p>\n\n\n\n<p>Tambi\u00e9n ser\u00e1n alcanzados los familiares de fallecidos que hayan sido trabajadores declarados en el R\u00e9gimen Especial de Contrato de Trabajo para el Personal de Casas Particulares, a los que eran titulares de la Asignaci\u00f3n por Embarazo para Protecci\u00f3n Social; y eran titulares de la Asignaci\u00f3n Universal por Hijo para Protecci\u00f3n Social, y a ni\u00f1os y adolescentes y personas mayores de edad con discapacidad.<\/p>\n\n\n\n<p>El beneficio ya exist\u00eda para en el caso de los veteranos de Malvinas y para determinados beneficiarios del R\u00e9gimen Nacional de Previsi\u00f3n.<\/p>\n\n\n\n<p>El subsidio se abonar\u00e1 al c\u00f3nyuge o al conviviente, al padre o a la madre o alguna de sus madres o alguno de sus padres, o al hijo o a la hija del fallecido.<\/p>\n\n\n\n<p>El decreto precisa que se har\u00e1 efectivo siempre que el o la solicitante denuncie el fallecimiento y acredite haber sufragado los gastos del sepelio con la presentaci\u00f3n de la factura extendida a su nombre por la empresa funeraria que realiz\u00f3 el servicio.<\/p>\n\n\n\n<p>En los considerandos, el decreto se\u00f1ala que \u201clos familiares de los fallecidos y las fallecidas por COVID-19 atraviesan sus p\u00e9rdidas con la imposibilidad de acompa\u00f1arse debido al aislamiento social, preventivo y obligatorio\u201d.<\/p>\n\n\n\n<p>Indica adem\u00e1s que la decisi\u00f3n se toma \u201ccon el objetivo de acompa\u00f1ar y cuidar a los sectores m\u00e1s vulnerables y necesitados de la sociedad, corresponde incluir en el pago del Subsidio de Contenci\u00f3n Familiar a los familiares de aquellas personas que hubieran fallecido a causa del COVID-19\u201d.<\/p>\n\n\n\n<p>Fuente: T\u00e9lam.<\/p>\n","protected":false},"excerpt":{"rendered":"<p>As\u00ed lo estableci\u00f3 el decreto 655\/2020 publicado este s\u00e1bado en el Bolet\u00edn Oficial, que lleva la firma del presidente Alberto Fern\u00e1ndez; del jefe de Gabinete, Santiago Cafiero; y del ministro de Trabajo, Claudio Moroni. La norma, que fija el monto en 15.000 pesos, ampl\u00eda el subsidio a los familiares de las personas fallecidas por Covid-19 [&hellip;]<\/p>\n","protected":false},"author":4,"featured_media":79152,"comment_status":"open","ping_status":"closed","sticky":false,"template":"","format":"standard","meta":{"om_disable_all_campaigns":false,"_jetpack_memberships_contains_paid_content":false,"footnotes":""},"categories":[621],"tags":[197,681],"class_list":["post-79151","post","type-post","status-publish","format-standard","has-post-thumbnail","hentry","category-regionales","tag-buenos-aires","tag-regionales"],"aioseo_notices":[],"gutentor_comment":0,"jetpack_featured_media_url":"https:\/\/eldiariodesanpedro.com.ar\/sitio\/wp-content\/uploads\/2020\/08\/Coronavirus-UTI-696x477-1.jpg","jetpack_shortlink":"https:\/\/wp.me\/p6RhLt-kAD","jetpack_sharing_enabled":true,"_links":{"self":[{"href":"https:\/\/eldiariodesanpedro.com.ar\/sitio\/wp-json\/wp\/v2\/posts\/79151","targetHints":{"allow":["GET"]}}],"collection":[{"href":"https:\/\/eldiariodesanpedro.com.ar\/sitio\/wp-json\/wp\/v2\/posts"}],"about":[{"href":"https:\/\/eldiariodesanpedro.com.ar\/sitio\/wp-json\/wp\/v2\/types\/post"}],"author":[{"embeddable":true,"href":"https:\/\/eldiariodesanpedro.com.ar\/sitio\/wp-json\/wp\/v2\/users\/4"}],"replies":[{"embeddable":true,"href":"https:\/\/eldiariodesanpedro.com.ar\/sitio\/wp-json\/wp\/v2\/comments?post=79151"}],"version-history":[{"count":1,"href":"https:\/\/eldiariodesanpedro.com.ar\/sitio\/wp-json\/wp\/v2\/posts\/79151\/revisions"}],"predecessor-version":[{"id":79153,"href":"https:\/\/eldiariodesanpedro.com.ar\/sitio\/wp-json\/wp\/v2\/posts\/79151\/revisions\/79153"}],"wp:featuredmedia":[{"embeddable":true,"href":"https:\/\/eldiariodesanpedro.com.ar\/sitio\/wp-json\/wp\/v2\/media\/79152"}],"wp:attachment":[{"href":"https:\/\/eldiariodesanpedro.com.ar\/sitio\/wp-json\/wp\/v2\/media?parent=79151"}],"wp:term":[{"taxonomy":"category","embeddable":true,"href":"https:\/\/eldiariodesanpedro.com.ar\/sitio\/wp-json\/wp\/v2\/categories?post=79151"},{"taxonomy":"post_tag","embeddable":true,"href":"https:\/\/eldiariodesanpedro.com.ar\/sitio\/wp-json\/wp\/v2\/tags?post=79151"}],"curies":[{"name":"wp","href":"https:\/\/api.w.org\/{rel}","templated":true}]}}