{"id":79145,"date":"2020-08-08T11:39:51","date_gmt":"2020-08-08T14:39:51","guid":{"rendered":"https:\/\/eldiariodesanpedro.com.ar\/sitio\/?p=79145"},"modified":"2020-08-08T11:39:54","modified_gmt":"2020-08-08T14:39:54","slug":"la-dra-viviani-jurara-a-cargo-de-la-fiscalia-de-delitos-rurales","status":"publish","type":"post","link":"https:\/\/eldiariodesanpedro.com.ar\/sitio\/la-dra-viviani-jurara-a-cargo-de-la-fiscalia-de-delitos-rurales\/","title":{"rendered":"La Dra. Viviani jurar\u00e1 a cargo de la Fiscal\u00eda de delitos rurales"},"content":{"rendered":"<!-- VideographyWP Plugin Message: Automatic video embedding prevented by plugin options. -->\n\n<p>La Dra Mar\u00eda del Valle Viviani jurar\u00e1 el pr\u00f3ximo martes en su nuevo puesto a cargo de la Fiscal\u00eda N\u00b0 7 en San Pedro, tematizada en delitos rurales y usurpaci\u00f3n de inmuebles. La decisi\u00f3n fue tomada por la Procuraci\u00f3n General de la provincia de Buenos Aires.<\/p>\n\n\n\n<p>Anteriormente, la doctora Viviani se desempe\u00f1\u00f3 como auxiliar letrada de la Secretaria de Ejecuci\u00f3n Penal; y auxiliar letrada en la Defensor\u00eda del fuero de Responsabilidad Penal juvenil.<\/p>\n","protected":false},"excerpt":{"rendered":"<p>La Dra Mar\u00eda del Valle Viviani jurar\u00e1 el pr\u00f3ximo martes en su nuevo puesto a cargo de la Fiscal\u00eda N\u00b0 7 en San Pedro, tematizada en delitos rurales y usurpaci\u00f3n de inmuebles. La decisi\u00f3n fue tomada por la Procuraci\u00f3n General de la provincia de Buenos Aires. Anteriormente, la doctora Viviani se desempe\u00f1\u00f3 como auxiliar letrada [&hellip;]<\/p>\n","protected":false},"author":4,"featured_media":79146,"comment_status":"open","ping_status":"closed","sticky":false,"template":"","format":"standard","meta":{"om_disable_all_campaigns":false,"_jetpack_memberships_contains_paid_content":false,"footnotes":""},"categories":[101,2],"tags":[197,696,33,19],"class_list":["post-79145","post","type-post","status-publish","format-standard","has-post-thumbnail","hentry","category-interes-general-locales","category-locales","tag-buenos-aires","tag-interes-general","tag-locales","tag-san-pedro"],"aioseo_notices":[],"gutentor_comment":0,"jetpack_featured_media_url":"https:\/\/eldiariodesanpedro.com.ar\/sitio\/wp-content\/uploads\/2020\/08\/no_130bc1tjx62bynyWhatsApp_Image_2020_08_07_at_10.03.13.png","jetpack_shortlink":"https:\/\/wp.me\/p6RhLt-kAx","jetpack_sharing_enabled":true,"_links":{"self":[{"href":"https:\/\/eldiariodesanpedro.com.ar\/sitio\/wp-json\/wp\/v2\/posts\/79145","targetHints":{"allow":["GET"]}}],"collection":[{"href":"https:\/\/eldiariodesanpedro.com.ar\/sitio\/wp-json\/wp\/v2\/posts"}],"about":[{"href":"https:\/\/eldiariodesanpedro.com.ar\/sitio\/wp-json\/wp\/v2\/types\/post"}],"author":[{"embeddable":true,"href":"https:\/\/eldiariodesanpedro.com.ar\/sitio\/wp-json\/wp\/v2\/users\/4"}],"replies":[{"embeddable":true,"href":"https:\/\/eldiariodesanpedro.com.ar\/sitio\/wp-json\/wp\/v2\/comments?post=79145"}],"version-history":[{"count":1,"href":"https:\/\/eldiariodesanpedro.com.ar\/sitio\/wp-json\/wp\/v2\/posts\/79145\/revisions"}],"predecessor-version":[{"id":79147,"href":"https:\/\/eldiariodesanpedro.com.ar\/sitio\/wp-json\/wp\/v2\/posts\/79145\/revisions\/79147"}],"wp:featuredmedia":[{"embeddable":true,"href":"https:\/\/eldiariodesanpedro.com.ar\/sitio\/wp-json\/wp\/v2\/media\/79146"}],"wp:attachment":[{"href":"https:\/\/eldiariodesanpedro.com.ar\/sitio\/wp-json\/wp\/v2\/media?parent=79145"}],"wp:term":[{"taxonomy":"category","embeddable":true,"href":"https:\/\/eldiariodesanpedro.com.ar\/sitio\/wp-json\/wp\/v2\/categories?post=79145"},{"taxonomy":"post_tag","embeddable":true,"href":"https:\/\/eldiariodesanpedro.com.ar\/sitio\/wp-json\/wp\/v2\/tags?post=79145"}],"curies":[{"name":"wp","href":"https:\/\/api.w.org\/{rel}","templated":true}]}}