{"id":79143,"date":"2020-08-08T10:55:01","date_gmt":"2020-08-08T13:55:01","guid":{"rendered":"https:\/\/eldiariodesanpedro.com.ar\/sitio\/?p=79143"},"modified":"2020-08-08T10:55:07","modified_gmt":"2020-08-08T13:55:07","slug":"la-anses-amplia-el-monto-del-subsidio-de-contenido-familiar","status":"publish","type":"post","link":"https:\/\/eldiariodesanpedro.com.ar\/sitio\/la-anses-amplia-el-monto-del-subsidio-de-contenido-familiar\/","title":{"rendered":"La ANSES amplia el monto del subsidio de contenido familiar"},"content":{"rendered":"<!-- VideographyWP Plugin Message: Automatic video embedding prevented by plugin options. -->\n\n<p>En el marco del Decreto 655\/2020 publicado hoy en el Bolet\u00edn Oficial, la ANSES informa que el Subsidio de Contenci\u00f3n Familiar o gastos por sepelio aumenta de&nbsp;<strong>6 mil a<\/strong>&nbsp;<strong>15 mil<\/strong>&nbsp;<strong>pesos<\/strong>, a su vez que ampl\u00eda el universo total de personas que pueden solicitarlo: los fallecidos por COVID-19 en situaci\u00f3n de vulnerabilidad, los titulares de una Pensi\u00f3n Universal para el Adulto Mayor (PUAM) y Prestaciones No Contributivas transferidas al organismo.<\/p>\n\n\n\n<p>Estas personas se suman a los jubilados, pensionados y beneficiarios de las Pensiones Honor\u00edficas de Veteranos de Guerra del Atl\u00e1ntico Sur, a quienes ya estaba destinado este reintegro.<\/p>\n\n\n\n<p>Para realizar el tr\u00e1mite, los interesados deben ingresar a&nbsp;<a href=\"http:\/\/www.anses.gob.ar\/subsidio-de-contencion-familiar\" target=\"_blank\" rel=\"noreferrer noopener\">anses.gob.ar\/subsidio-de-contencion-familiar<\/a>.<\/p>\n","protected":false},"excerpt":{"rendered":"<p>En el marco del Decreto 655\/2020 publicado hoy en el Bolet\u00edn Oficial, la ANSES informa que el Subsidio de Contenci\u00f3n Familiar o gastos por sepelio aumenta de&nbsp;6 mil a&nbsp;15 mil&nbsp;pesos, a su vez que ampl\u00eda el universo total de personas que pueden solicitarlo: los fallecidos por COVID-19 en situaci\u00f3n de vulnerabilidad, los titulares de una [&hellip;]<\/p>\n","protected":false},"author":4,"featured_media":78151,"comment_status":"open","ping_status":"closed","sticky":false,"template":"","format":"standard","meta":{"om_disable_all_campaigns":false,"_jetpack_memberships_contains_paid_content":false,"footnotes":""},"categories":[101,2],"tags":[197,696,33,19],"class_list":["post-79143","post","type-post","status-publish","format-standard","has-post-thumbnail","hentry","category-interes-general-locales","category-locales","tag-buenos-aires","tag-interes-general","tag-locales","tag-san-pedro"],"aioseo_notices":[],"gutentor_comment":0,"jetpack_featured_media_url":"https:\/\/eldiariodesanpedro.com.ar\/sitio\/wp-content\/uploads\/2020\/07\/no_r56y7yhcdxii0d4no_u1ar6zugu8hp9quanses.jpg","jetpack_shortlink":"https:\/\/wp.me\/p6RhLt-kAv","jetpack_sharing_enabled":true,"_links":{"self":[{"href":"https:\/\/eldiariodesanpedro.com.ar\/sitio\/wp-json\/wp\/v2\/posts\/79143","targetHints":{"allow":["GET"]}}],"collection":[{"href":"https:\/\/eldiariodesanpedro.com.ar\/sitio\/wp-json\/wp\/v2\/posts"}],"about":[{"href":"https:\/\/eldiariodesanpedro.com.ar\/sitio\/wp-json\/wp\/v2\/types\/post"}],"author":[{"embeddable":true,"href":"https:\/\/eldiariodesanpedro.com.ar\/sitio\/wp-json\/wp\/v2\/users\/4"}],"replies":[{"embeddable":true,"href":"https:\/\/eldiariodesanpedro.com.ar\/sitio\/wp-json\/wp\/v2\/comments?post=79143"}],"version-history":[{"count":1,"href":"https:\/\/eldiariodesanpedro.com.ar\/sitio\/wp-json\/wp\/v2\/posts\/79143\/revisions"}],"predecessor-version":[{"id":79144,"href":"https:\/\/eldiariodesanpedro.com.ar\/sitio\/wp-json\/wp\/v2\/posts\/79143\/revisions\/79144"}],"wp:featuredmedia":[{"embeddable":true,"href":"https:\/\/eldiariodesanpedro.com.ar\/sitio\/wp-json\/wp\/v2\/media\/78151"}],"wp:attachment":[{"href":"https:\/\/eldiariodesanpedro.com.ar\/sitio\/wp-json\/wp\/v2\/media?parent=79143"}],"wp:term":[{"taxonomy":"category","embeddable":true,"href":"https:\/\/eldiariodesanpedro.com.ar\/sitio\/wp-json\/wp\/v2\/categories?post=79143"},{"taxonomy":"post_tag","embeddable":true,"href":"https:\/\/eldiariodesanpedro.com.ar\/sitio\/wp-json\/wp\/v2\/tags?post=79143"}],"curies":[{"name":"wp","href":"https:\/\/api.w.org\/{rel}","templated":true}]}}