{"id":79139,"date":"2020-08-08T10:28:12","date_gmt":"2020-08-08T13:28:12","guid":{"rendered":"https:\/\/eldiariodesanpedro.com.ar\/sitio\/?p=79139"},"modified":"2020-08-08T10:28:15","modified_gmt":"2020-08-08T13:28:15","slug":"el-intendente-recibio-a-directivos-de-la-cnrt","status":"publish","type":"post","link":"https:\/\/eldiariodesanpedro.com.ar\/sitio\/el-intendente-recibio-a-directivos-de-la-cnrt\/","title":{"rendered":"El Intendente recibi\u00f3 a directivos de la CNRT"},"content":{"rendered":"<!-- VideographyWP Plugin Message: Automatic video embedding prevented by plugin options. -->\n\n<p>El Intendente Municipal Cecilio Salazar recibi\u00f3 al Director Ejecutivo de la Comisi\u00f3n Nacional de Regulaci\u00f3n del Transporte (CNRT), Jos\u00e9 Arteaga quien estuvo acompa\u00f1ado por el Subdirector Diego Giuliano para dialogar acerca de la instalaci\u00f3n de una oficina de esta comisi\u00f3n en nuestra ciudad.<br>El objetivo es que San Pedro se convierta en sede de las oficinas de este organismo que tiene como funci\u00f3n, controlar y fiscalizar el transporte terrestre de jurisdicci\u00f3n nacional, y que sirva como cobertura de la Delegaci\u00f3n Norte, es decir el \u00e1rea comprendida entre las ciudades de Campana y San Nicol\u00e1s.<\/p>\n\n\n\n<p>Otro de los objetivos de esta reuni\u00f3n fue que con la implementaci\u00f3n de estas oficinas, se van a poder agilizar y gestionar pasajes gratuitos en los distintos transportes de pasajeros para personas con discapacidad que cuenten con Certificado \u00danico de Discapacidad (CUD), sumado a la recepci\u00f3n de denuncias e irregularidades en el transporte de pasajeros y de carga.<\/p>\n\n\n\n<figure class=\"wp-block-image size-large\"><img decoding=\"async\" width=\"1024\" height=\"686\" data-attachment-id=\"79140\" data-permalink=\"https:\/\/eldiariodesanpedro.com.ar\/sitio\/el-intendente-recibio-a-directivos-de-la-cnrt\/4-2-4\/\" data-orig-file=\"https:\/\/eldiariodesanpedro.com.ar\/sitio\/wp-content\/uploads\/2020\/08\/4-2.jpeg\" data-orig-size=\"1280,858\" data-comments-opened=\"1\" data-image-meta=\"{&quot;aperture&quot;:&quot;0&quot;,&quot;credit&quot;:&quot;&quot;,&quot;camera&quot;:&quot;&quot;,&quot;caption&quot;:&quot;&quot;,&quot;created_timestamp&quot;:&quot;0&quot;,&quot;copyright&quot;:&quot;&quot;,&quot;focal_length&quot;:&quot;0&quot;,&quot;iso&quot;:&quot;0&quot;,&quot;shutter_speed&quot;:&quot;0&quot;,&quot;title&quot;:&quot;&quot;,&quot;orientation&quot;:&quot;0&quot;}\" data-image-title=\"4 (2)\" data-image-description=\"\" data-image-caption=\"\" data-large-file=\"https:\/\/eldiariodesanpedro.com.ar\/sitio\/wp-content\/uploads\/2020\/08\/4-2-1024x686.jpeg\" data-src=\"https:\/\/eldiariodesanpedro.com.ar\/sitio\/wp-content\/uploads\/2020\/08\/4-2-1024x686.jpeg\" alt=\"\" class=\"wp-image-79140 lazyload\" data-srcset=\"https:\/\/eldiariodesanpedro.com.ar\/sitio\/wp-content\/uploads\/2020\/08\/4-2-1024x686.jpeg 1024w, https:\/\/eldiariodesanpedro.com.ar\/sitio\/wp-content\/uploads\/2020\/08\/4-2-300x201.jpeg 300w, https:\/\/eldiariodesanpedro.com.ar\/sitio\/wp-content\/uploads\/2020\/08\/4-2-768x515.jpeg 768w, https:\/\/eldiariodesanpedro.com.ar\/sitio\/wp-content\/uploads\/2020\/08\/4-2.jpeg 1280w\" data-sizes=\"(max-width: 1024px) 100vw, 1024px\" src=\"data:image\/svg+xml;base64,PHN2ZyB3aWR0aD0iMSIgaGVpZ2h0PSIxIiB4bWxucz0iaHR0cDovL3d3dy53My5vcmcvMjAwMC9zdmciPjwvc3ZnPg==\" style=\"--smush-placeholder-width: 1024px; --smush-placeholder-aspect-ratio: 1024\/686;\" \/><\/figure>\n","protected":false},"excerpt":{"rendered":"<p>El Intendente Municipal Cecilio Salazar recibi\u00f3 al Director Ejecutivo de la Comisi\u00f3n Nacional de Regulaci\u00f3n del Transporte (CNRT), Jos\u00e9 Arteaga quien estuvo acompa\u00f1ado por el Subdirector Diego Giuliano para dialogar acerca de la instalaci\u00f3n de una oficina de esta comisi\u00f3n en nuestra ciudad.El objetivo es que San Pedro se convierta en sede de las oficinas [&hellip;]<\/p>\n","protected":false},"author":4,"featured_media":79141,"comment_status":"open","ping_status":"closed","sticky":false,"template":"","format":"standard","meta":{"om_disable_all_campaigns":false,"_jetpack_memberships_contains_paid_content":false,"footnotes":""},"categories":[101,2],"tags":[197,696,33],"class_list":["post-79139","post","type-post","status-publish","format-standard","has-post-thumbnail","hentry","category-interes-general-locales","category-locales","tag-buenos-aires","tag-interes-general","tag-locales"],"aioseo_notices":[],"gutentor_comment":0,"jetpack_featured_media_url":"https:\/\/eldiariodesanpedro.com.ar\/sitio\/wp-content\/uploads\/2020\/08\/2-7.jpeg","jetpack_shortlink":"https:\/\/wp.me\/p6RhLt-kAr","jetpack_sharing_enabled":true,"_links":{"self":[{"href":"https:\/\/eldiariodesanpedro.com.ar\/sitio\/wp-json\/wp\/v2\/posts\/79139","targetHints":{"allow":["GET"]}}],"collection":[{"href":"https:\/\/eldiariodesanpedro.com.ar\/sitio\/wp-json\/wp\/v2\/posts"}],"about":[{"href":"https:\/\/eldiariodesanpedro.com.ar\/sitio\/wp-json\/wp\/v2\/types\/post"}],"author":[{"embeddable":true,"href":"https:\/\/eldiariodesanpedro.com.ar\/sitio\/wp-json\/wp\/v2\/users\/4"}],"replies":[{"embeddable":true,"href":"https:\/\/eldiariodesanpedro.com.ar\/sitio\/wp-json\/wp\/v2\/comments?post=79139"}],"version-history":[{"count":1,"href":"https:\/\/eldiariodesanpedro.com.ar\/sitio\/wp-json\/wp\/v2\/posts\/79139\/revisions"}],"predecessor-version":[{"id":79142,"href":"https:\/\/eldiariodesanpedro.com.ar\/sitio\/wp-json\/wp\/v2\/posts\/79139\/revisions\/79142"}],"wp:featuredmedia":[{"embeddable":true,"href":"https:\/\/eldiariodesanpedro.com.ar\/sitio\/wp-json\/wp\/v2\/media\/79141"}],"wp:attachment":[{"href":"https:\/\/eldiariodesanpedro.com.ar\/sitio\/wp-json\/wp\/v2\/media?parent=79139"}],"wp:term":[{"taxonomy":"category","embeddable":true,"href":"https:\/\/eldiariodesanpedro.com.ar\/sitio\/wp-json\/wp\/v2\/categories?post=79139"},{"taxonomy":"post_tag","embeddable":true,"href":"https:\/\/eldiariodesanpedro.com.ar\/sitio\/wp-json\/wp\/v2\/tags?post=79139"}],"curies":[{"name":"wp","href":"https:\/\/api.w.org\/{rel}","templated":true}]}}