{"id":79108,"date":"2020-08-07T19:30:48","date_gmt":"2020-08-07T22:30:48","guid":{"rendered":"https:\/\/eldiariodesanpedro.com.ar\/sitio\/?p=79108"},"modified":"2020-08-07T19:30:56","modified_gmt":"2020-08-07T22:30:56","slug":"participacion-en-el-foro-consultivo-de-la-actividad-portuaria","status":"publish","type":"post","link":"https:\/\/eldiariodesanpedro.com.ar\/sitio\/participacion-en-el-foro-consultivo-de-la-actividad-portuaria\/","title":{"rendered":"Participaci\u00f3n en el Foro Consultivo de la Actividad Portuaria"},"content":{"rendered":"<!-- VideographyWP Plugin Message: Automatic video embedding prevented by plugin options. -->\n\n<p>El Presidente del Consorcio de Gesti\u00f3n del Puerto de San Pedro, Eliseo Almada, fue uno de los participantes de la apertura del \u00abForo Consultivo de la Actividad Portuaria\u00bb que encabez\u00f3 esta ma\u00f1ana a trav\u00e9s de una videoconferencia el &nbsp;Ministro de Producci\u00f3n, Ciencia e Innovaci\u00f3n Tecnol\u00f3gica, Augusto Costa.<\/p>\n\n\n\n<p>Estuvieron presentes el subsecretario de Asuntos Portuarios, Juan Cruz Lucero, y la secretaria ejecutiva del Consejo Provincial de Coordinaci\u00f3n con el Sistema Universitario y Cient\u00edfico de la Provincia de Buenos Aires, Florencia Sainto.<\/p>\n\n\n\n<p>\u00abSer\u00e1n cuatro encuentros a trav\u00e9s de salas virtuales en las que los representantes de cada puerto podr\u00e1n intercambiar con los principales funcionarios del gobierno provincial, diferentes aspectos relacionados al desarrollo y crecimiento de de cada uno y para nosotros tener esta oportunidad es muy importante porque nos encuentra en un momento de actividad intensa y con numerosos proyectos en marcha, expres\u00f3 el presidente del Consorcio de San Pedro\u00bb, Eliseo Almada.&nbsp;&nbsp;<strong>En el foro estuvieron conectados adem\u00e1s autoridades del resto de los puertos de la Provincia de Buenos Aires y representantes de Universidades.<\/strong><\/p>\n\n\n\n<p>\u201cDesde el Gobierno provincial y desde el Ministerio estamos trabajando en una pol\u00edtica portuaria integral para toda la Provincia. Estamos arrancando de cero, porque cuando nos toc\u00f3 asumir encontramos un sistema desarticulado\u201d, sostuvo Costa en un pasaje de la conferencia.<\/p>\n\n\n\n<p>Asimismo, agreg\u00f3: \u201cNuestras pol\u00edticas tienen que ser pensadas para que se vinculen con las dem\u00e1s \u00e1reas. No se puede pensar en desarrollar el sistema portuario por fuera del sistema productivo\u201d.<\/p>\n\n\n\n<p>El objetivo del foro es el de generar encuentros para el dise\u00f1o de pol\u00edticas p\u00fablicas y la aplicaci\u00f3n de nuevas herramientas para el desarrollo del \u00e1mbito log\u00edstico portuario, como tambi\u00e9n el de vincular el sistema &nbsp;universitario y cient\u00edfico con el Ministerio, para la difusi\u00f3n de conocimiento relativo al sector.<\/p>\n\n\n\n<p>\u201cCelebro que se realice este espacio, ya que es una herramienta muy importante para debatir y pensar en pol\u00edticas que incorporen diferentes herramientas de distintas \u00e1reas a la actividad portuaria\u201d, destac\u00f3 el Ministro.<\/p>\n\n\n\n<p>Por su parte, Saintout expres\u00f3: \u201cEs important\u00edsimo que las universidades tengan estas agendas con el desaf\u00edo de construir una agenda conjunta con el Gobierno. Tenemos que entender el desarrollo no solo en pos del capital y el mercado, sino que pueda ser entendido para mejorar la vida de los bonaerenses, con un desarrollo<br>pensado con inclusi\u00f3n y solidaridad\u201d.<\/p>\n\n\n\n<p>\u201cEl mandato que nos plante\u00f3 el Gobernador y los lineamientos propuestos por el Ministro tienen que ver con conducir el sistema portuario, lograr la integralidad entre cada uno de los puertos y de establecer que los puertos sean un eslab\u00f3n m\u00e1s de una cadena productiva\u201d, remarc\u00f3 Juan Cruz Lucero.<br><strong><br>Las pr\u00f3ximas jornadas se realizar\u00e1n durante este mes y el pr\u00f3ximo.<\/strong><\/p>\n\n\n\n<figure class=\"wp-block-image size-large\"><img decoding=\"async\" width=\"1024\" height=\"682\" data-attachment-id=\"79109\" data-permalink=\"https:\/\/eldiariodesanpedro.com.ar\/sitio\/participacion-en-el-foro-consultivo-de-la-actividad-portuaria\/foroportuario1\/\" data-orig-file=\"https:\/\/eldiariodesanpedro.com.ar\/sitio\/wp-content\/uploads\/2020\/08\/ForoPortuario1.jpeg\" data-orig-size=\"1024,682\" data-comments-opened=\"1\" data-image-meta=\"{&quot;aperture&quot;:&quot;0&quot;,&quot;credit&quot;:&quot;&quot;,&quot;camera&quot;:&quot;&quot;,&quot;caption&quot;:&quot;&quot;,&quot;created_timestamp&quot;:&quot;0&quot;,&quot;copyright&quot;:&quot;&quot;,&quot;focal_length&quot;:&quot;0&quot;,&quot;iso&quot;:&quot;0&quot;,&quot;shutter_speed&quot;:&quot;0&quot;,&quot;title&quot;:&quot;&quot;,&quot;orientation&quot;:&quot;0&quot;}\" data-image-title=\"ForoPortuario1\" data-image-description=\"\" data-image-caption=\"\" data-large-file=\"https:\/\/eldiariodesanpedro.com.ar\/sitio\/wp-content\/uploads\/2020\/08\/ForoPortuario1.jpeg\" data-src=\"https:\/\/eldiariodesanpedro.com.ar\/sitio\/wp-content\/uploads\/2020\/08\/ForoPortuario1.jpeg\" alt=\"\" class=\"wp-image-79109 lazyload\" data-srcset=\"https:\/\/eldiariodesanpedro.com.ar\/sitio\/wp-content\/uploads\/2020\/08\/ForoPortuario1.jpeg 1024w, https:\/\/eldiariodesanpedro.com.ar\/sitio\/wp-content\/uploads\/2020\/08\/ForoPortuario1-300x200.jpeg 300w, https:\/\/eldiariodesanpedro.com.ar\/sitio\/wp-content\/uploads\/2020\/08\/ForoPortuario1-768x512.jpeg 768w\" data-sizes=\"(max-width: 1024px) 100vw, 1024px\" src=\"data:image\/svg+xml;base64,PHN2ZyB3aWR0aD0iMSIgaGVpZ2h0PSIxIiB4bWxucz0iaHR0cDovL3d3dy53My5vcmcvMjAwMC9zdmciPjwvc3ZnPg==\" style=\"--smush-placeholder-width: 1024px; --smush-placeholder-aspect-ratio: 1024\/682;\" \/><\/figure>\n","protected":false},"excerpt":{"rendered":"<p>El Presidente del Consorcio de Gesti\u00f3n del Puerto de San Pedro, Eliseo Almada, fue uno de los participantes de la apertura del \u00abForo Consultivo de la Actividad Portuaria\u00bb que encabez\u00f3 esta ma\u00f1ana a trav\u00e9s de una videoconferencia el &nbsp;Ministro de Producci\u00f3n, Ciencia e Innovaci\u00f3n Tecnol\u00f3gica, Augusto Costa. Estuvieron presentes el subsecretario de Asuntos Portuarios, Juan [&hellip;]<\/p>\n","protected":false},"author":4,"featured_media":79110,"comment_status":"open","ping_status":"closed","sticky":false,"template":"","format":"standard","meta":{"om_disable_all_campaigns":false,"_jetpack_memberships_contains_paid_content":false,"footnotes":""},"categories":[101,2],"tags":[197,696,33],"class_list":["post-79108","post","type-post","status-publish","format-standard","has-post-thumbnail","hentry","category-interes-general-locales","category-locales","tag-buenos-aires","tag-interes-general","tag-locales"],"aioseo_notices":[],"gutentor_comment":0,"jetpack_featured_media_url":"https:\/\/eldiariodesanpedro.com.ar\/sitio\/wp-content\/uploads\/2020\/08\/ForoPortuario2.jpeg","jetpack_shortlink":"https:\/\/wp.me\/p6RhLt-kzW","jetpack_sharing_enabled":true,"_links":{"self":[{"href":"https:\/\/eldiariodesanpedro.com.ar\/sitio\/wp-json\/wp\/v2\/posts\/79108","targetHints":{"allow":["GET"]}}],"collection":[{"href":"https:\/\/eldiariodesanpedro.com.ar\/sitio\/wp-json\/wp\/v2\/posts"}],"about":[{"href":"https:\/\/eldiariodesanpedro.com.ar\/sitio\/wp-json\/wp\/v2\/types\/post"}],"author":[{"embeddable":true,"href":"https:\/\/eldiariodesanpedro.com.ar\/sitio\/wp-json\/wp\/v2\/users\/4"}],"replies":[{"embeddable":true,"href":"https:\/\/eldiariodesanpedro.com.ar\/sitio\/wp-json\/wp\/v2\/comments?post=79108"}],"version-history":[{"count":1,"href":"https:\/\/eldiariodesanpedro.com.ar\/sitio\/wp-json\/wp\/v2\/posts\/79108\/revisions"}],"predecessor-version":[{"id":79111,"href":"https:\/\/eldiariodesanpedro.com.ar\/sitio\/wp-json\/wp\/v2\/posts\/79108\/revisions\/79111"}],"wp:featuredmedia":[{"embeddable":true,"href":"https:\/\/eldiariodesanpedro.com.ar\/sitio\/wp-json\/wp\/v2\/media\/79110"}],"wp:attachment":[{"href":"https:\/\/eldiariodesanpedro.com.ar\/sitio\/wp-json\/wp\/v2\/media?parent=79108"}],"wp:term":[{"taxonomy":"category","embeddable":true,"href":"https:\/\/eldiariodesanpedro.com.ar\/sitio\/wp-json\/wp\/v2\/categories?post=79108"},{"taxonomy":"post_tag","embeddable":true,"href":"https:\/\/eldiariodesanpedro.com.ar\/sitio\/wp-json\/wp\/v2\/tags?post=79108"}],"curies":[{"name":"wp","href":"https:\/\/api.w.org\/{rel}","templated":true}]}}