{"id":79105,"date":"2020-08-07T19:28:30","date_gmt":"2020-08-07T22:28:30","guid":{"rendered":"https:\/\/eldiariodesanpedro.com.ar\/sitio\/?p=79105"},"modified":"2020-08-07T19:28:35","modified_gmt":"2020-08-07T22:28:35","slug":"serjal-aseguro-que-es-inocente-y-que-la-causa-en-su-contra-esta-politizada","status":"publish","type":"post","link":"https:\/\/eldiariodesanpedro.com.ar\/sitio\/serjal-aseguro-que-es-inocente-y-que-la-causa-en-su-contra-esta-politizada\/","title":{"rendered":"Serjal asegur\u00f3 que es \u00abinocente\u00bb y que la causa en su contra est\u00e1 \u00abpolitizada\u00bb"},"content":{"rendered":"<!-- VideographyWP Plugin Message: Automatic video embedding prevented by plugin options. -->\n\n<p>El ex fiscal regional de Rosario dijo que es v\u00edctima de \u00abuna campa\u00f1a de desprestigio\u00bb y afirm\u00f3: \u00abNo me encontr\u00e9 en Buenos Aires con \u00e9l, no lo conozco\u00bb.<\/p>\n\n\n\n<p>\u00abS\u00ed, claro\u00bb, fue la respuesta del exjefe de fiscales\u00a0Patricio Serjal, cuando fue consultado si se consideraba inocente. Serjal, quien present\u00f3 su renuncia como\u00a0fiscal\u00a0regional de Rosario y el gobernador Omar Perotti decidi\u00f3 apartarlo del Poder Judicial, asegur\u00f3 que\u00a0la causa por corrupci\u00f3n en su contra est\u00e1, \u00abde alg\u00fan modo, politizada\u00bb, asegur\u00f3\u00a0ser v\u00edctima de \u00abuna campa\u00f1a de desprestigio\u00bb desde que asumi\u00f3 su cargo, y asever\u00f3 que\u00a0no conoce al empresario Leonardo Peiti: \u00abNo me encontr\u00e9 en Buenos Aires con \u00e9l, no lo conozco\u00bb.<\/p>\n\n\n\n<p>\u00abEn estos d\u00edas se habl\u00f3 de m\u00ed, se me ha difamado y se ha difamado a mi familia. Es una cuesti\u00f3n, por decirlo de alg\u00fan modo, politizada\u00bb, asegur\u00f3 Serjal.<\/p>\n\n\n\n<p>Le atribuyen participar de la comisi\u00f3n de delitos contra la administraci\u00f3n p\u00fablica junto al fiscal Gustavo&nbsp;Ponce Asahad, imputado y con prisi\u00f3n preventiva por dise\u00f1ar y ejecutar un plan para recibir dinero de Peiti a cambio de transmitir informaci\u00f3n reservada, y no investigar hechos que podr\u00edan construir delitos e interferir en las investigaciones en curso, as\u00ed como retardar u omitir dict\u00e1menes propios de su competencia para que no prosperen posibles imputaciones.<\/p>\n\n\n\n<p>Serjal asever\u00f3 que hubo \u00abuna campa\u00f1a de desprestigio\u00bb hacia su persona. \u00abCuando asum\u00ed como fiscal general, se dec\u00eda que era otro el que iba a serlo\u00bb, cont\u00f3, y precis\u00f3 que a fines del a\u00f1o pasado quisieron vincularlo con una causa. \u00abMi jefe en ese momento me dijo: ahora empieza un gobierno nuevo, quieren que renuncies\u00bb, dijo.<\/p>\n\n\n\n<p>\u00abExplot\u00f3 una cuesti\u00f3n medi\u00e1tica y de desprestigio sin fundamento ninguno, no \u00e9tico ni jur\u00eddico. Yo no archiv\u00e9 ninguna causa. La causa la trabajaron tres fiscales, estuvieron de acuerdo en cerrarla con pruebas que vienen de la Justicia civil. Yo no toco, no modifico, no hago nada, solamente confirmar\u00bb, afirm\u00f3 en una entrevista con El Tres TV.<\/p>\n\n\n\n<p>Y a\u00f1adi\u00f3: \u00abCuando renunci\u00e9 como fiscal regional, lo primero que hice fue correrme para que se investigue. Con la renuncia estoy perdiendo incluso la inmunidad de arresto que pod\u00eda tener como fiscal regional\u00bb.<\/p>\n\n\n\n<p>Serjal sostuvo que \u00abla causa arranca con un arrepentido que a su vez es imputado, tiene intereses\u00bb, y lament\u00f3: \u00abTira dos nombres, dice que a m\u00ed me vio una o dos veces, y se va en libertad. Y esa palabra sirve para armar toda una causa\u00bb.<\/p>\n\n\n\n<p>\u00abVan enganchando una, dos, tres cosas, y se van armando cosas con alguna suspicacia\u00bb, precis\u00f3.<\/p>\n\n\n\n<p>Sobre los motivos de la acusaci\u00f3n en su contra, estim\u00f3: \u00abQuiz\u00e1s no les haya gustado que yo est\u00e9 en ese lugar, quiz\u00e1s toqu\u00e9 intereses que no deb\u00eda tocar\u00bb.<\/p>\n\n\n\n<p>El exfiscal no dud\u00f3 en sentenciar que no lo conoce personalmente a Peiti, y a\u00f1adi\u00f3: \u00abNunca intervine directamente en ninguna causa con este se\u00f1or, yo no llevaba causas. No me encontr\u00e9 en Buenos Aires con \u00e9l, no lo conozco\u00bb.<\/p>\n\n\n\n<p>Consultado si se considera inocente, se limit\u00f3 a responder: \u00abS\u00ed, claro\u00bb.<\/p>\n\n\n\n<p>\u00abCapaz que me quieren meter preso, no s\u00e9 por qu\u00e9. No tienen elementos, estuve siempre a disposici\u00f3n de la investigaci\u00f3n y he puesto a disposici\u00f3n mi tel\u00e9fono y mi vivienda\u00bb, concluy\u00f3.<\/p>\n\n\n\n<p>Fuente: La Capital<\/p>\n","protected":false},"excerpt":{"rendered":"<p>El ex fiscal regional de Rosario dijo que es v\u00edctima de \u00abuna campa\u00f1a de desprestigio\u00bb y afirm\u00f3: \u00abNo me encontr\u00e9 en Buenos Aires con \u00e9l, no lo conozco\u00bb. \u00abS\u00ed, claro\u00bb, fue la respuesta del exjefe de fiscales\u00a0Patricio Serjal, cuando fue consultado si se consideraba inocente. Serjal, quien present\u00f3 su renuncia como\u00a0fiscal\u00a0regional de Rosario y el [&hellip;]<\/p>\n","protected":false},"author":4,"featured_media":79106,"comment_status":"open","ping_status":"closed","sticky":false,"template":"","format":"standard","meta":{"om_disable_all_campaigns":false,"_jetpack_memberships_contains_paid_content":false,"footnotes":""},"categories":[50,101,2],"tags":[197,696,33],"class_list":["post-79105","post","type-post","status-publish","format-standard","has-post-thumbnail","hentry","category-destacadas","category-interes-general-locales","category-locales","tag-buenos-aires","tag-interes-general","tag-locales"],"aioseo_notices":[],"gutentor_comment":0,"jetpack_featured_media_url":"https:\/\/eldiariodesanpedro.com.ar\/sitio\/wp-content\/uploads\/2020\/08\/000086109.png","jetpack_shortlink":"https:\/\/wp.me\/p6RhLt-kzT","jetpack_sharing_enabled":true,"_links":{"self":[{"href":"https:\/\/eldiariodesanpedro.com.ar\/sitio\/wp-json\/wp\/v2\/posts\/79105","targetHints":{"allow":["GET"]}}],"collection":[{"href":"https:\/\/eldiariodesanpedro.com.ar\/sitio\/wp-json\/wp\/v2\/posts"}],"about":[{"href":"https:\/\/eldiariodesanpedro.com.ar\/sitio\/wp-json\/wp\/v2\/types\/post"}],"author":[{"embeddable":true,"href":"https:\/\/eldiariodesanpedro.com.ar\/sitio\/wp-json\/wp\/v2\/users\/4"}],"replies":[{"embeddable":true,"href":"https:\/\/eldiariodesanpedro.com.ar\/sitio\/wp-json\/wp\/v2\/comments?post=79105"}],"version-history":[{"count":1,"href":"https:\/\/eldiariodesanpedro.com.ar\/sitio\/wp-json\/wp\/v2\/posts\/79105\/revisions"}],"predecessor-version":[{"id":79107,"href":"https:\/\/eldiariodesanpedro.com.ar\/sitio\/wp-json\/wp\/v2\/posts\/79105\/revisions\/79107"}],"wp:featuredmedia":[{"embeddable":true,"href":"https:\/\/eldiariodesanpedro.com.ar\/sitio\/wp-json\/wp\/v2\/media\/79106"}],"wp:attachment":[{"href":"https:\/\/eldiariodesanpedro.com.ar\/sitio\/wp-json\/wp\/v2\/media?parent=79105"}],"wp:term":[{"taxonomy":"category","embeddable":true,"href":"https:\/\/eldiariodesanpedro.com.ar\/sitio\/wp-json\/wp\/v2\/categories?post=79105"},{"taxonomy":"post_tag","embeddable":true,"href":"https:\/\/eldiariodesanpedro.com.ar\/sitio\/wp-json\/wp\/v2\/tags?post=79105"}],"curies":[{"name":"wp","href":"https:\/\/api.w.org\/{rel}","templated":true}]}}