{"id":79099,"date":"2020-08-07T13:28:44","date_gmt":"2020-08-07T16:28:44","guid":{"rendered":"https:\/\/eldiariodesanpedro.com.ar\/sitio\/?p=79099"},"modified":"2020-08-07T13:28:48","modified_gmt":"2020-08-07T16:28:48","slug":"edicto-de-sucesion-de-otero-ramon-nicasio","status":"publish","type":"post","link":"https:\/\/eldiariodesanpedro.com.ar\/sitio\/edicto-de-sucesion-de-otero-ramon-nicasio\/","title":{"rendered":"Edicto de Sucesi\u00f3n de Otero Ramon Nicasio"},"content":{"rendered":"<!-- VideographyWP Plugin Message: Automatic video embedding prevented by plugin options. -->\n\n<p>El Juzgado\u00a0 en lo Civil y Comercial N\u00ba 1 del Departamento Judicial de San Nicol\u00e1s , cita y emplaza `por treinta d\u00edas a herederos y acreedores de OTERO, RAMON NICASIO.- San Nicol\u00e1s, 30 de Julio de 2020.-<\/p>\n\n\n\n<p>DANIEL CIVILOTTI<br>ABOGADO SECRETARIO<\/p>\n","protected":false},"excerpt":{"rendered":"<p>El Juzgado\u00a0 en lo Civil y Comercial N\u00ba 1 del Departamento Judicial de San Nicol\u00e1s , cita y emplaza `por treinta d\u00edas a herederos y acreedores de OTERO, RAMON NICASIO.- San Nicol\u00e1s, 30 de Julio de 2020.- DANIEL CIVILOTTIABOGADO SECRETARIO<\/p>\n","protected":false},"author":4,"featured_media":78139,"comment_status":"open","ping_status":"closed","sticky":false,"template":"","format":"standard","meta":{"om_disable_all_campaigns":false,"_jetpack_memberships_contains_paid_content":false,"footnotes":""},"categories":[676,677],"tags":[1121,1355,1122],"class_list":["post-79099","post","type-post","status-publish","format-standard","has-post-thumbnail","hentry","category-edictos","category-edictos-sucesorios","tag-edicto","tag-judiciales","tag-sucesion"],"aioseo_notices":[],"gutentor_comment":0,"jetpack_featured_media_url":"https:\/\/eldiariodesanpedro.com.ar\/sitio\/wp-content\/uploads\/2020\/07\/Edictos-4-1.jpg","jetpack_shortlink":"https:\/\/wp.me\/p6RhLt-kzN","jetpack_sharing_enabled":true,"_links":{"self":[{"href":"https:\/\/eldiariodesanpedro.com.ar\/sitio\/wp-json\/wp\/v2\/posts\/79099","targetHints":{"allow":["GET"]}}],"collection":[{"href":"https:\/\/eldiariodesanpedro.com.ar\/sitio\/wp-json\/wp\/v2\/posts"}],"about":[{"href":"https:\/\/eldiariodesanpedro.com.ar\/sitio\/wp-json\/wp\/v2\/types\/post"}],"author":[{"embeddable":true,"href":"https:\/\/eldiariodesanpedro.com.ar\/sitio\/wp-json\/wp\/v2\/users\/4"}],"replies":[{"embeddable":true,"href":"https:\/\/eldiariodesanpedro.com.ar\/sitio\/wp-json\/wp\/v2\/comments?post=79099"}],"version-history":[{"count":1,"href":"https:\/\/eldiariodesanpedro.com.ar\/sitio\/wp-json\/wp\/v2\/posts\/79099\/revisions"}],"predecessor-version":[{"id":79100,"href":"https:\/\/eldiariodesanpedro.com.ar\/sitio\/wp-json\/wp\/v2\/posts\/79099\/revisions\/79100"}],"wp:featuredmedia":[{"embeddable":true,"href":"https:\/\/eldiariodesanpedro.com.ar\/sitio\/wp-json\/wp\/v2\/media\/78139"}],"wp:attachment":[{"href":"https:\/\/eldiariodesanpedro.com.ar\/sitio\/wp-json\/wp\/v2\/media?parent=79099"}],"wp:term":[{"taxonomy":"category","embeddable":true,"href":"https:\/\/eldiariodesanpedro.com.ar\/sitio\/wp-json\/wp\/v2\/categories?post=79099"},{"taxonomy":"post_tag","embeddable":true,"href":"https:\/\/eldiariodesanpedro.com.ar\/sitio\/wp-json\/wp\/v2\/tags?post=79099"}],"curies":[{"name":"wp","href":"https:\/\/api.w.org\/{rel}","templated":true}]}}