{"id":79094,"date":"2020-08-07T13:08:34","date_gmt":"2020-08-07T16:08:34","guid":{"rendered":"https:\/\/eldiariodesanpedro.com.ar\/sitio\/?p=79094"},"modified":"2020-08-07T13:08:37","modified_gmt":"2020-08-07T16:08:37","slug":"convocatoria-municipal-para-sectores-del-turismo-y-la-cultura-a-formar-parte-del-catalogo-tyc","status":"publish","type":"post","link":"https:\/\/eldiariodesanpedro.com.ar\/sitio\/convocatoria-municipal-para-sectores-del-turismo-y-la-cultura-a-formar-parte-del-catalogo-tyc\/","title":{"rendered":"Convocatoria municipal para sectores del Turismo y la Cultura a formar parte del Cat\u00e1logo TyC"},"content":{"rendered":"<!-- VideographyWP Plugin Message: Automatic video embedding prevented by plugin options. -->\n\n<p>El Municipio de San Pedro convoca a establecimientos y espacios relacionados con la actividad tur\u00edstica y cultural, a inscribirse al Cat\u00e1logo Tur\u00edstico y Cultural.<\/p>\n\n\n\n<p>El Cat\u00e1logo TyC, que impulsa el Ministerio de Producci\u00f3n, Ciencia e Innovaci\u00f3n Tecnol\u00f3gica de la Provincia de Buenos Aires, busca crear un mapa para visualizar la composici\u00f3n y la distribuci\u00f3n del entramado tur\u00edstico-cultural bonaerense para potenciarlos e incluirlos en distintas pol\u00edticas de inclusi\u00f3n, respaldo y promoci\u00f3n.<\/p>\n\n\n\n<p>Los interesados en inscribirse deben ingresar a la p\u00e1gina web\u00a0<a rel=\"noreferrer noopener\" href=\"http:\/\/www.catalogotc.gba.gob.ar\/\" target=\"_blank\">http:\/\/www.catalogotc.gba.gob.ar<\/a>, crear un usuario con contrase\u00f1a y luego seguir las indicaciones correspondientes.<\/p>\n\n\n\n<p>Adem\u00e1s, la inscripci\u00f3n al Cat\u00e1logo Tur\u00edstico y Cultural es un requisito para postularse a los programas lanzados desde la Provincia, como el Fondo Municipal para la Cultura y el Turismo, que forma parte del programa provincial ASAP (Asistencia a los Sectores Afectados por la Pandemia).<\/p>\n\n\n\n<p>Ante dudas del Cat\u00e1logo TyC, los interesados pueden contactarse a trav\u00e9s del mail\u00a0<a rel=\"noreferrer noopener\" href=\"mailto:catalogotc@mp.gba.gov.ar\" target=\"_blank\">catalogotc@mp.gba.gov.ar<\/a>\u00a0o por las siguientes v\u00edas del Municipio:<\/p>\n\n\n\n<p><strong><a rel=\"noreferrer noopener\" href=\"mailto:directoraturismo@sanpedro.gob.ar\" target=\"_blank\">directoraturismo@sanpedro.gob.ar<\/a><\/strong><br><strong><a rel=\"noreferrer noopener\" href=\"mailto:cultura@sanpedro.gob.ar\" target=\"_blank\">cultura@sanpedro.gob.ar<\/a><\/strong><\/p>\n","protected":false},"excerpt":{"rendered":"<p>El Municipio de San Pedro convoca a establecimientos y espacios relacionados con la actividad tur\u00edstica y cultural, a inscribirse al Cat\u00e1logo Tur\u00edstico y Cultural. El Cat\u00e1logo TyC, que impulsa el Ministerio de Producci\u00f3n, Ciencia e Innovaci\u00f3n Tecnol\u00f3gica de la Provincia de Buenos Aires, busca crear un mapa para visualizar la composici\u00f3n y la distribuci\u00f3n del [&hellip;]<\/p>\n","protected":false},"author":4,"featured_media":79095,"comment_status":"open","ping_status":"closed","sticky":false,"template":"","format":"standard","meta":{"om_disable_all_campaigns":false,"_jetpack_memberships_contains_paid_content":false,"footnotes":""},"categories":[101,2],"tags":[197,696,33,19],"class_list":["post-79094","post","type-post","status-publish","format-standard","has-post-thumbnail","hentry","category-interes-general-locales","category-locales","tag-buenos-aires","tag-interes-general","tag-locales","tag-san-pedro"],"aioseo_notices":[],"gutentor_comment":0,"jetpack_featured_media_url":"https:\/\/eldiariodesanpedro.com.ar\/sitio\/wp-content\/uploads\/2020\/08\/1596798515.jpeg","jetpack_shortlink":"https:\/\/wp.me\/p6RhLt-kzI","jetpack_sharing_enabled":true,"_links":{"self":[{"href":"https:\/\/eldiariodesanpedro.com.ar\/sitio\/wp-json\/wp\/v2\/posts\/79094","targetHints":{"allow":["GET"]}}],"collection":[{"href":"https:\/\/eldiariodesanpedro.com.ar\/sitio\/wp-json\/wp\/v2\/posts"}],"about":[{"href":"https:\/\/eldiariodesanpedro.com.ar\/sitio\/wp-json\/wp\/v2\/types\/post"}],"author":[{"embeddable":true,"href":"https:\/\/eldiariodesanpedro.com.ar\/sitio\/wp-json\/wp\/v2\/users\/4"}],"replies":[{"embeddable":true,"href":"https:\/\/eldiariodesanpedro.com.ar\/sitio\/wp-json\/wp\/v2\/comments?post=79094"}],"version-history":[{"count":1,"href":"https:\/\/eldiariodesanpedro.com.ar\/sitio\/wp-json\/wp\/v2\/posts\/79094\/revisions"}],"predecessor-version":[{"id":79096,"href":"https:\/\/eldiariodesanpedro.com.ar\/sitio\/wp-json\/wp\/v2\/posts\/79094\/revisions\/79096"}],"wp:featuredmedia":[{"embeddable":true,"href":"https:\/\/eldiariodesanpedro.com.ar\/sitio\/wp-json\/wp\/v2\/media\/79095"}],"wp:attachment":[{"href":"https:\/\/eldiariodesanpedro.com.ar\/sitio\/wp-json\/wp\/v2\/media?parent=79094"}],"wp:term":[{"taxonomy":"category","embeddable":true,"href":"https:\/\/eldiariodesanpedro.com.ar\/sitio\/wp-json\/wp\/v2\/categories?post=79094"},{"taxonomy":"post_tag","embeddable":true,"href":"https:\/\/eldiariodesanpedro.com.ar\/sitio\/wp-json\/wp\/v2\/tags?post=79094"}],"curies":[{"name":"wp","href":"https:\/\/api.w.org\/{rel}","templated":true}]}}