{"id":79090,"date":"2020-08-07T12:48:17","date_gmt":"2020-08-07T15:48:17","guid":{"rendered":"https:\/\/eldiariodesanpedro.com.ar\/sitio\/?p=79090"},"modified":"2020-08-07T12:56:56","modified_gmt":"2020-08-07T15:56:56","slug":"fatal-accidente-en-ruta-1001-un-camion-despisto-y-volco","status":"publish","type":"post","link":"https:\/\/eldiariodesanpedro.com.ar\/sitio\/fatal-accidente-en-ruta-1001-un-camion-despisto-y-volco\/","title":{"rendered":"Fatal accidente en ruta 1001, un cami\u00f3n despisto y volc\u00f3"},"content":{"rendered":"<!-- VideographyWP Plugin Message: Automatic video embedding prevented by plugin options. -->\n\n<p>En esta jornada ocurri\u00f3 un tr\u00e1gico accidente de transito en la ruta 1001 donde perdi\u00f3 la vida un ch\u00f3fer de cami\u00f3n.<\/p>\n\n\n\n<p>El siniestro tuvo lugar esta ma\u00f1ana de viernes pasadas las 10:30 hs en ruta 1001 a pocos metros del acceso a R\u00edo Tala, donde un cami\u00f3n marca Wolksvagen perdi\u00f3 el control por motivos que se tratan de establecer cayendo dentro de un zanjon a la vera de la ruta.<\/p>\n\n\n\n<p>Desafortunadamente un persona identificada como Jos\u00e9 Luis Leiva de 45 a\u00f1os, oriundo de la provincia de Santa Fe. perdi\u00f3 la vida. De cualquier manera se trabaja para poder retirar el cuerpo de entre los hierros.<\/p>\n\n\n\n<p>En el lugar trabajaron Bomberos voluntarios y la ruta permanece cortada.<\/p>\n\n\n\n<figure class=\"wp-block-embed-facebook wp-block-embed is-type-video is-provider-facebook\"><div class=\"wp-block-embed__wrapper\">\n<div class=\"fb-video\" data-allowfullscreen=\"true\" data-href=\"https:\/\/www.facebook.com\/eldiario.desanpedro\/videos\/626087058327819\/\" style=\"background-color: #fff; display: inline-block;\"><\/div>\n<\/div><\/figure>\n","protected":false},"excerpt":{"rendered":"<p>En esta jornada ocurri\u00f3 un tr\u00e1gico accidente de transito en la ruta 1001 donde perdi\u00f3 la vida un ch\u00f3fer de cami\u00f3n. El siniestro tuvo lugar esta ma\u00f1ana de viernes pasadas las 10:30 hs en ruta 1001 a pocos metros del acceso a R\u00edo Tala, donde un cami\u00f3n marca Wolksvagen perdi\u00f3 el control por motivos que [&hellip;]<\/p>\n","protected":false},"author":4,"featured_media":79088,"comment_status":"open","ping_status":"closed","sticky":false,"template":"","format":"standard","meta":{"om_disable_all_campaigns":false,"_jetpack_memberships_contains_paid_content":false,"footnotes":""},"categories":[50,2,103],"tags":[197,33,95,19],"class_list":["post-79090","post","type-post","status-publish","format-standard","has-post-thumbnail","hentry","category-destacadas","category-locales","category-policiales-locales","tag-buenos-aires","tag-locales","tag-policiales","tag-san-pedro"],"aioseo_notices":[],"gutentor_comment":0,"jetpack_featured_media_url":"https:\/\/eldiariodesanpedro.com.ar\/sitio\/wp-content\/uploads\/2020\/08\/WhatsApp-Image-2020-08-07-at-12.32.12.jpeg","jetpack_shortlink":"https:\/\/wp.me\/p6RhLt-kzE","jetpack_sharing_enabled":true,"_links":{"self":[{"href":"https:\/\/eldiariodesanpedro.com.ar\/sitio\/wp-json\/wp\/v2\/posts\/79090","targetHints":{"allow":["GET"]}}],"collection":[{"href":"https:\/\/eldiariodesanpedro.com.ar\/sitio\/wp-json\/wp\/v2\/posts"}],"about":[{"href":"https:\/\/eldiariodesanpedro.com.ar\/sitio\/wp-json\/wp\/v2\/types\/post"}],"author":[{"embeddable":true,"href":"https:\/\/eldiariodesanpedro.com.ar\/sitio\/wp-json\/wp\/v2\/users\/4"}],"replies":[{"embeddable":true,"href":"https:\/\/eldiariodesanpedro.com.ar\/sitio\/wp-json\/wp\/v2\/comments?post=79090"}],"version-history":[{"count":3,"href":"https:\/\/eldiariodesanpedro.com.ar\/sitio\/wp-json\/wp\/v2\/posts\/79090\/revisions"}],"predecessor-version":[{"id":79093,"href":"https:\/\/eldiariodesanpedro.com.ar\/sitio\/wp-json\/wp\/v2\/posts\/79090\/revisions\/79093"}],"wp:featuredmedia":[{"embeddable":true,"href":"https:\/\/eldiariodesanpedro.com.ar\/sitio\/wp-json\/wp\/v2\/media\/79088"}],"wp:attachment":[{"href":"https:\/\/eldiariodesanpedro.com.ar\/sitio\/wp-json\/wp\/v2\/media?parent=79090"}],"wp:term":[{"taxonomy":"category","embeddable":true,"href":"https:\/\/eldiariodesanpedro.com.ar\/sitio\/wp-json\/wp\/v2\/categories?post=79090"},{"taxonomy":"post_tag","embeddable":true,"href":"https:\/\/eldiariodesanpedro.com.ar\/sitio\/wp-json\/wp\/v2\/tags?post=79090"}],"curies":[{"name":"wp","href":"https:\/\/api.w.org\/{rel}","templated":true}]}}