{"id":79076,"date":"2020-08-07T10:38:41","date_gmt":"2020-08-07T13:38:41","guid":{"rendered":"https:\/\/eldiariodesanpedro.com.ar\/sitio\/?p=79076"},"modified":"2020-08-07T10:38:46","modified_gmt":"2020-08-07T13:38:46","slug":"se-clausuro-otro-bar-de-copas-por-falta-de-respetar-los-protocolos","status":"publish","type":"post","link":"https:\/\/eldiariodesanpedro.com.ar\/sitio\/se-clausuro-otro-bar-de-copas-por-falta-de-respetar-los-protocolos\/","title":{"rendered":"Se clausuro otro bar de copas por falta de respetar los protocolos"},"content":{"rendered":"<!-- VideographyWP Plugin Message: Automatic video embedding prevented by plugin options. -->\n\n<p>El Personal del Gabinete Criminol\u00f3gico en el marco de Ley 14050 la polic\u00eda de nuestra ciudad en conjunto con trabajadores del \u00e1rea de inspecci\u00f3n, se hicieron presentes en un comercio de rubro bar, ubicado en calle D\u00e1vila al 500, propietario una mujer de 62 a\u00f1os de edad, procediendo a la clausura por falta de documentaci\u00f3n habilitante e incumplimiento de protocolo de seguridad e higiene (COVID 19).-&nbsp;<\/p>\n\n\n\n<p>Tom\u00f3 intervenci\u00f3n de Juzgado de Faltas local.<\/p>\n","protected":false},"excerpt":{"rendered":"<p>El Personal del Gabinete Criminol\u00f3gico en el marco de Ley 14050 la polic\u00eda de nuestra ciudad en conjunto con trabajadores del \u00e1rea de inspecci\u00f3n, se hicieron presentes en un comercio de rubro bar, ubicado en calle D\u00e1vila al 500, propietario una mujer de 62 a\u00f1os de edad, procediendo a la clausura por falta de documentaci\u00f3n [&hellip;]<\/p>\n","protected":false},"author":4,"featured_media":78786,"comment_status":"open","ping_status":"closed","sticky":false,"template":"","format":"standard","meta":{"om_disable_all_campaigns":false,"_jetpack_memberships_contains_paid_content":false,"footnotes":""},"categories":[2,103],"tags":[197,33,95],"class_list":["post-79076","post","type-post","status-publish","format-standard","has-post-thumbnail","hentry","category-locales","category-policiales-locales","tag-buenos-aires","tag-locales","tag-policiales"],"aioseo_notices":[],"gutentor_comment":0,"jetpack_featured_media_url":"https:\/\/eldiariodesanpedro.com.ar\/sitio\/wp-content\/uploads\/2020\/08\/WhatsApp-Image-2020-08-01-at-21.13.06.jpeg","jetpack_shortlink":"https:\/\/wp.me\/p6RhLt-kzq","jetpack_sharing_enabled":true,"_links":{"self":[{"href":"https:\/\/eldiariodesanpedro.com.ar\/sitio\/wp-json\/wp\/v2\/posts\/79076","targetHints":{"allow":["GET"]}}],"collection":[{"href":"https:\/\/eldiariodesanpedro.com.ar\/sitio\/wp-json\/wp\/v2\/posts"}],"about":[{"href":"https:\/\/eldiariodesanpedro.com.ar\/sitio\/wp-json\/wp\/v2\/types\/post"}],"author":[{"embeddable":true,"href":"https:\/\/eldiariodesanpedro.com.ar\/sitio\/wp-json\/wp\/v2\/users\/4"}],"replies":[{"embeddable":true,"href":"https:\/\/eldiariodesanpedro.com.ar\/sitio\/wp-json\/wp\/v2\/comments?post=79076"}],"version-history":[{"count":1,"href":"https:\/\/eldiariodesanpedro.com.ar\/sitio\/wp-json\/wp\/v2\/posts\/79076\/revisions"}],"predecessor-version":[{"id":79077,"href":"https:\/\/eldiariodesanpedro.com.ar\/sitio\/wp-json\/wp\/v2\/posts\/79076\/revisions\/79077"}],"wp:featuredmedia":[{"embeddable":true,"href":"https:\/\/eldiariodesanpedro.com.ar\/sitio\/wp-json\/wp\/v2\/media\/78786"}],"wp:attachment":[{"href":"https:\/\/eldiariodesanpedro.com.ar\/sitio\/wp-json\/wp\/v2\/media?parent=79076"}],"wp:term":[{"taxonomy":"category","embeddable":true,"href":"https:\/\/eldiariodesanpedro.com.ar\/sitio\/wp-json\/wp\/v2\/categories?post=79076"},{"taxonomy":"post_tag","embeddable":true,"href":"https:\/\/eldiariodesanpedro.com.ar\/sitio\/wp-json\/wp\/v2\/tags?post=79076"}],"curies":[{"name":"wp","href":"https:\/\/api.w.org\/{rel}","templated":true}]}}