{"id":79074,"date":"2020-08-07T10:52:16","date_gmt":"2020-08-07T13:52:16","guid":{"rendered":"https:\/\/eldiariodesanpedro.com.ar\/sitio\/?p=79074"},"modified":"2020-08-07T10:52:20","modified_gmt":"2020-08-07T13:52:20","slug":"allanamiento-positivo-por-hecho-de-amenazas","status":"publish","type":"post","link":"https:\/\/eldiariodesanpedro.com.ar\/sitio\/allanamiento-positivo-por-hecho-de-amenazas\/","title":{"rendered":"Allanamiento positivo por hecho de amenazas"},"content":{"rendered":"<!-- VideographyWP Plugin Message: Automatic video embedding prevented by plugin options. -->\n\n<p>En relaci\u00f3n a una denuncia radicada en la comisar\u00eda de la mujer local por amenazas, con intervenci\u00f3n de la fiscal\u00eda en turno local, el personal Gabinete Criminol\u00f3gico de la Comisar\u00eda , tras averiguaciones estableci\u00f3 autor\u00eda de un hecho a una mujer mayor de edad con domicilio ubicado en calle La laguna al 1000.&nbsp;&nbsp;<\/p>\n\n\n\n<p>Extendida orden de allanamiento por la justicia ordinaria, el personal del gabinete diligencio, procediendo al secuestro de municiones de arma de fuego distintos calibres.&nbsp;<\/p>\n\n\n\n<p>Respecto de la moradora se dispuso notificaci\u00f3n y recaudos legales, sin medidas restrictivas.<\/p>\n","protected":false},"excerpt":{"rendered":"<p>En relaci\u00f3n a una denuncia radicada en la comisar\u00eda de la mujer local por amenazas, con intervenci\u00f3n de la fiscal\u00eda en turno local, el personal Gabinete Criminol\u00f3gico de la Comisar\u00eda , tras averiguaciones estableci\u00f3 autor\u00eda de un hecho a una mujer mayor de edad con domicilio ubicado en calle La laguna al 1000.&nbsp;&nbsp; Extendida orden [&hellip;]<\/p>\n","protected":false},"author":4,"featured_media":77910,"comment_status":"open","ping_status":"closed","sticky":false,"template":"","format":"standard","meta":{"om_disable_all_campaigns":false,"_jetpack_memberships_contains_paid_content":false,"footnotes":""},"categories":[2,103],"tags":[122,197,33,95,19],"class_list":["post-79074","post","type-post","status-publish","format-standard","has-post-thumbnail","hentry","category-locales","category-policiales-locales","tag-allanamiento","tag-buenos-aires","tag-locales","tag-policiales","tag-san-pedro"],"aioseo_notices":[],"gutentor_comment":0,"jetpack_featured_media_url":"https:\/\/eldiariodesanpedro.com.ar\/sitio\/wp-content\/uploads\/2020\/07\/no_ssowqejple3k931nop1c56465t83uu31kc3o1tm219bh1_1_.jpg","jetpack_shortlink":"https:\/\/wp.me\/p6RhLt-kzo","jetpack_sharing_enabled":true,"_links":{"self":[{"href":"https:\/\/eldiariodesanpedro.com.ar\/sitio\/wp-json\/wp\/v2\/posts\/79074","targetHints":{"allow":["GET"]}}],"collection":[{"href":"https:\/\/eldiariodesanpedro.com.ar\/sitio\/wp-json\/wp\/v2\/posts"}],"about":[{"href":"https:\/\/eldiariodesanpedro.com.ar\/sitio\/wp-json\/wp\/v2\/types\/post"}],"author":[{"embeddable":true,"href":"https:\/\/eldiariodesanpedro.com.ar\/sitio\/wp-json\/wp\/v2\/users\/4"}],"replies":[{"embeddable":true,"href":"https:\/\/eldiariodesanpedro.com.ar\/sitio\/wp-json\/wp\/v2\/comments?post=79074"}],"version-history":[{"count":2,"href":"https:\/\/eldiariodesanpedro.com.ar\/sitio\/wp-json\/wp\/v2\/posts\/79074\/revisions"}],"predecessor-version":[{"id":79078,"href":"https:\/\/eldiariodesanpedro.com.ar\/sitio\/wp-json\/wp\/v2\/posts\/79074\/revisions\/79078"}],"wp:featuredmedia":[{"embeddable":true,"href":"https:\/\/eldiariodesanpedro.com.ar\/sitio\/wp-json\/wp\/v2\/media\/77910"}],"wp:attachment":[{"href":"https:\/\/eldiariodesanpedro.com.ar\/sitio\/wp-json\/wp\/v2\/media?parent=79074"}],"wp:term":[{"taxonomy":"category","embeddable":true,"href":"https:\/\/eldiariodesanpedro.com.ar\/sitio\/wp-json\/wp\/v2\/categories?post=79074"},{"taxonomy":"post_tag","embeddable":true,"href":"https:\/\/eldiariodesanpedro.com.ar\/sitio\/wp-json\/wp\/v2\/tags?post=79074"}],"curies":[{"name":"wp","href":"https:\/\/api.w.org\/{rel}","templated":true}]}}