{"id":79068,"date":"2020-08-06T22:43:03","date_gmt":"2020-08-07T01:43:03","guid":{"rendered":"https:\/\/eldiariodesanpedro.com.ar\/sitio\/?p=79068"},"modified":"2020-08-06T23:02:45","modified_gmt":"2020-08-07T02:02:45","slug":"hoy-se-suman-12-casos-positivos-nuevos-con-un-total-de-89-pacientes-activos","status":"publish","type":"post","link":"https:\/\/eldiariodesanpedro.com.ar\/sitio\/hoy-se-suman-12-casos-positivos-nuevos-con-un-total-de-89-pacientes-activos\/","title":{"rendered":"Hoy se suman 12 casos positivos nuevos con un total de 89 pacientes activos"},"content":{"rendered":"<!-- VideographyWP Plugin Message: Automatic video embedding prevented by plugin options. -->\n\n<p>La Secretar\u00eda de Salud de la Municipalidad de San Pedro informa que esta noche se recibieron 8 resultados del 4 de agosto.<\/p>\n\n\n\n<p>Los positivos son 6 corresponden a mujeres de 32, 50 y 60 a\u00f1os; y hombres de 34, 37 y 39 a\u00f1os.<\/p>\n\n\n\n<p>Debemos incorporar como nuevos casos positivos a 6 personas que se realizaron el diagn\u00f3stico en instituciones privadas:<\/p>\n\n\n\n<ul class=\"wp-block-list\"><li>3 mujeres de 27, 46 y 65 a\u00f1os.<\/li><li>3 hombres de 27, 28 y 32 a\u00f1os.<br>5 resultados corresponden al Hospital SADIV y 1 a la Cl\u00ednica San Pedro.<\/li><\/ul>\n\n\n\n<p>Adem\u00e1s en la jornada de hoy se enviaron 39 muestras que corresponden a:<br>-16 mujeres de 17, 23, 31(2), 32, 43(2), 44, 45, 47, 49, 50, 52, 55, 61 y 88 a\u00f1os.<br>-23 hombres de 15, 23, 24, 28(2), 30, 32, 37, 38, 39(2), 41, 42, 45, 48(2), 49, 50, 51, 53, 58, 64 y 66 a\u00f1os.<br>2 pacientes se suman al grupo de recuperados de acuerdo al protocolo establecido. Una mujer de 45 a\u00f1os y un hombre de 25 a\u00f1os.<\/p>\n\n\n\n<p>Con esta informaci\u00f3n el panel general queda de la siguiente forma:<\/p>\n\n\n\n<p>RESUMEN<br>Nuevas muestras enviadas: 39<br>Muestras Pendientes: 76<br>Nuevas muestras negativas: 2<br>Nuevos Casos Positivos: 12<br>Total de confirmados: 240<br>Total de casos activos: 89<br>Total de casos recuperados: 139<br>Total de casos fallecidos: 12<br>Total de muestras negativas: 562<\/p>\n\n\n\n<p>Este informe no incluye los env\u00edos realizados desde establecimientos privados con resultado negativo y que ser\u00e1n incorporados en breve al recuento local.<\/p>\n\n\n\n<p>Estad\u00edsticas de la Secretar\u00eda de Seguridad al 06\/08\/2020<br>Ciudadanos puestos a disposici\u00f3n del Juzgado Federal por infracci\u00f3n al ASPO: 1828<br>Autos Retenidos: 3<br>Motos Retenidas: 21<\/p>\n\n\n\n<p>&#x1f449; Usar tapabocas.<br>&#x1f449; Mantener la distancia m\u00ednima de 2 metros.<br>&#x1f449; Extremar la higiene de los espacios.<br>&#x1f449; Mantener las manos limpias.<\/p>\n\n\n\n<p>Se recuerda que, ante s\u00edntomas de tos seca, fiebre y dolor de garganta y la probabilidad de haber estado en contacto con enfermos o viajeros llegados desde las zonas transmisi\u00f3n local o comunitaria se puede llamar al 148 o 107.<\/p>\n\n\n\n<figure class=\"wp-block-embed-facebook wp-block-embed is-type-video is-provider-facebook\"><div class=\"wp-block-embed__wrapper\">\n<div class=\"fb-video\" data-allowfullscreen=\"true\" data-href=\"https:\/\/www.facebook.com\/eldiario.desanpedro\/videos\/324617198914361\/\" style=\"background-color: #fff; display: inline-block;\"><\/div>\n<\/div><\/figure>\n\n\n\n<figure class=\"wp-block-image size-large\"><img decoding=\"async\" width=\"1024\" height=\"992\" data-attachment-id=\"79069\" data-permalink=\"https:\/\/eldiariodesanpedro.com.ar\/sitio\/hoy-se-suman-12-casos-positivos-nuevos-con-un-total-de-89-pacientes-activos\/whatsapp-image-2020-08-06-at-22-29-28\/\" data-orig-file=\"https:\/\/eldiariodesanpedro.com.ar\/sitio\/wp-content\/uploads\/2020\/08\/WhatsApp-Image-2020-08-06-at-22.29.28.jpeg\" data-orig-size=\"1280,1240\" data-comments-opened=\"1\" data-image-meta=\"{&quot;aperture&quot;:&quot;0&quot;,&quot;credit&quot;:&quot;&quot;,&quot;camera&quot;:&quot;&quot;,&quot;caption&quot;:&quot;&quot;,&quot;created_timestamp&quot;:&quot;0&quot;,&quot;copyright&quot;:&quot;&quot;,&quot;focal_length&quot;:&quot;0&quot;,&quot;iso&quot;:&quot;0&quot;,&quot;shutter_speed&quot;:&quot;0&quot;,&quot;title&quot;:&quot;&quot;,&quot;orientation&quot;:&quot;0&quot;}\" data-image-title=\"WhatsApp Image 2020-08-06 at 22.29.28\" data-image-description=\"\" data-image-caption=\"\" data-large-file=\"https:\/\/eldiariodesanpedro.com.ar\/sitio\/wp-content\/uploads\/2020\/08\/WhatsApp-Image-2020-08-06-at-22.29.28-1024x992.jpeg\" data-src=\"https:\/\/eldiariodesanpedro.com.ar\/sitio\/wp-content\/uploads\/2020\/08\/WhatsApp-Image-2020-08-06-at-22.29.28-1024x992.jpeg\" alt=\"\" class=\"wp-image-79069 lazyload\" data-srcset=\"https:\/\/eldiariodesanpedro.com.ar\/sitio\/wp-content\/uploads\/2020\/08\/WhatsApp-Image-2020-08-06-at-22.29.28-1024x992.jpeg 1024w, https:\/\/eldiariodesanpedro.com.ar\/sitio\/wp-content\/uploads\/2020\/08\/WhatsApp-Image-2020-08-06-at-22.29.28-300x291.jpeg 300w, https:\/\/eldiariodesanpedro.com.ar\/sitio\/wp-content\/uploads\/2020\/08\/WhatsApp-Image-2020-08-06-at-22.29.28-768x744.jpeg 768w, https:\/\/eldiariodesanpedro.com.ar\/sitio\/wp-content\/uploads\/2020\/08\/WhatsApp-Image-2020-08-06-at-22.29.28.jpeg 1280w\" data-sizes=\"(max-width: 1024px) 100vw, 1024px\" src=\"data:image\/svg+xml;base64,PHN2ZyB3aWR0aD0iMSIgaGVpZ2h0PSIxIiB4bWxucz0iaHR0cDovL3d3dy53My5vcmcvMjAwMC9zdmciPjwvc3ZnPg==\" style=\"--smush-placeholder-width: 1024px; --smush-placeholder-aspect-ratio: 1024\/992;\" \/><\/figure>\n","protected":false},"excerpt":{"rendered":"<p>La Secretar\u00eda de Salud de la Municipalidad de San Pedro informa que esta noche se recibieron 8 resultados del 4 de agosto. Los positivos son 6 corresponden a mujeres de 32, 50 y 60 a\u00f1os; y hombres de 34, 37 y 39 a\u00f1os. Debemos incorporar como nuevos casos positivos a 6 personas que se realizaron [&hellip;]<\/p>\n","protected":false},"author":4,"featured_media":78783,"comment_status":"open","ping_status":"closed","sticky":false,"template":"","format":"standard","meta":{"om_disable_all_campaigns":false,"_jetpack_memberships_contains_paid_content":false,"footnotes":""},"categories":[50,101,2],"tags":[197,696,33],"class_list":["post-79068","post","type-post","status-publish","format-standard","has-post-thumbnail","hentry","category-destacadas","category-interes-general-locales","category-locales","tag-buenos-aires","tag-interes-general","tag-locales"],"aioseo_notices":[],"gutentor_comment":0,"jetpack_featured_media_url":"https:\/\/eldiariodesanpedro.com.ar\/sitio\/wp-content\/uploads\/2020\/08\/coronavirus-positivo-2.jpg","jetpack_shortlink":"https:\/\/wp.me\/p6RhLt-kzi","jetpack_sharing_enabled":true,"_links":{"self":[{"href":"https:\/\/eldiariodesanpedro.com.ar\/sitio\/wp-json\/wp\/v2\/posts\/79068","targetHints":{"allow":["GET"]}}],"collection":[{"href":"https:\/\/eldiariodesanpedro.com.ar\/sitio\/wp-json\/wp\/v2\/posts"}],"about":[{"href":"https:\/\/eldiariodesanpedro.com.ar\/sitio\/wp-json\/wp\/v2\/types\/post"}],"author":[{"embeddable":true,"href":"https:\/\/eldiariodesanpedro.com.ar\/sitio\/wp-json\/wp\/v2\/users\/4"}],"replies":[{"embeddable":true,"href":"https:\/\/eldiariodesanpedro.com.ar\/sitio\/wp-json\/wp\/v2\/comments?post=79068"}],"version-history":[{"count":2,"href":"https:\/\/eldiariodesanpedro.com.ar\/sitio\/wp-json\/wp\/v2\/posts\/79068\/revisions"}],"predecessor-version":[{"id":79071,"href":"https:\/\/eldiariodesanpedro.com.ar\/sitio\/wp-json\/wp\/v2\/posts\/79068\/revisions\/79071"}],"wp:featuredmedia":[{"embeddable":true,"href":"https:\/\/eldiariodesanpedro.com.ar\/sitio\/wp-json\/wp\/v2\/media\/78783"}],"wp:attachment":[{"href":"https:\/\/eldiariodesanpedro.com.ar\/sitio\/wp-json\/wp\/v2\/media?parent=79068"}],"wp:term":[{"taxonomy":"category","embeddable":true,"href":"https:\/\/eldiariodesanpedro.com.ar\/sitio\/wp-json\/wp\/v2\/categories?post=79068"},{"taxonomy":"post_tag","embeddable":true,"href":"https:\/\/eldiariodesanpedro.com.ar\/sitio\/wp-json\/wp\/v2\/tags?post=79068"}],"curies":[{"name":"wp","href":"https:\/\/api.w.org\/{rel}","templated":true}]}}