{"id":78971,"date":"2020-08-05T10:48:57","date_gmt":"2020-08-05T13:48:57","guid":{"rendered":"https:\/\/eldiariodesanpedro.com.ar\/sitio\/?p=78971"},"modified":"2020-08-05T10:49:00","modified_gmt":"2020-08-05T13:49:00","slug":"a-dos-vecinos-de-la-ciudad-le-rompieron-la-puerta","status":"publish","type":"post","link":"https:\/\/eldiariodesanpedro.com.ar\/sitio\/a-dos-vecinos-de-la-ciudad-le-rompieron-la-puerta\/","title":{"rendered":"A dos vecinos de la ciudad le rompieron la puerta"},"content":{"rendered":"<!-- VideographyWP Plugin Message: Automatic video embedding prevented by plugin options. -->\n\n<p>En la jornada de ayer se realizaron dos denuncias en la comisar\u00eda local por parte de vecinos que casualmente tuvieron problemas similares.<\/p>\n\n\n\n<p>En primer lugar un ciudadano de 82 a\u00f1os siendo las 06.00 horas al despertar en su vivienda de calle Mart\u00edn Fierro al 700, constata autor\/es que ignora habr\u00edan da\u00f1ado puerta de ingreso.\u00a0<\/p>\n\n\n\n<p>Por otra parte un ciudadano de 25 mismo d\u00eda siendo las 09.00 horas al egresar de su vivienda constata que en horas de la noche masculino con quien posee conflicto de larga data se habr\u00eda presentado y causado da\u00f1os a la puerta de su morada ubicada en calle Miguel Porta y Riobamba. \u00a0\u00a0\u00a0\u00a0<\/p>\n","protected":false},"excerpt":{"rendered":"<p>En la jornada de ayer se realizaron dos denuncias en la comisar\u00eda local por parte de vecinos que casualmente tuvieron problemas similares. En primer lugar un ciudadano de 82 a\u00f1os siendo las 06.00 horas al despertar en su vivienda de calle Mart\u00edn Fierro al 700, constata autor\/es que ignora habr\u00edan da\u00f1ado puerta de ingreso.\u00a0 Por [&hellip;]<\/p>\n","protected":false},"author":4,"featured_media":78843,"comment_status":"open","ping_status":"closed","sticky":false,"template":"","format":"standard","meta":{"om_disable_all_campaigns":false,"_jetpack_memberships_contains_paid_content":false,"footnotes":""},"categories":[2,103],"tags":[197,33,95,19],"class_list":["post-78971","post","type-post","status-publish","format-standard","has-post-thumbnail","hentry","category-locales","category-policiales-locales","tag-buenos-aires","tag-locales","tag-policiales","tag-san-pedro"],"aioseo_notices":[],"gutentor_comment":0,"jetpack_featured_media_url":"https:\/\/eldiariodesanpedro.com.ar\/sitio\/wp-content\/uploads\/2020\/08\/0.jpg","jetpack_shortlink":"https:\/\/wp.me\/p6RhLt-kxJ","jetpack_sharing_enabled":true,"_links":{"self":[{"href":"https:\/\/eldiariodesanpedro.com.ar\/sitio\/wp-json\/wp\/v2\/posts\/78971","targetHints":{"allow":["GET"]}}],"collection":[{"href":"https:\/\/eldiariodesanpedro.com.ar\/sitio\/wp-json\/wp\/v2\/posts"}],"about":[{"href":"https:\/\/eldiariodesanpedro.com.ar\/sitio\/wp-json\/wp\/v2\/types\/post"}],"author":[{"embeddable":true,"href":"https:\/\/eldiariodesanpedro.com.ar\/sitio\/wp-json\/wp\/v2\/users\/4"}],"replies":[{"embeddable":true,"href":"https:\/\/eldiariodesanpedro.com.ar\/sitio\/wp-json\/wp\/v2\/comments?post=78971"}],"version-history":[{"count":1,"href":"https:\/\/eldiariodesanpedro.com.ar\/sitio\/wp-json\/wp\/v2\/posts\/78971\/revisions"}],"predecessor-version":[{"id":78972,"href":"https:\/\/eldiariodesanpedro.com.ar\/sitio\/wp-json\/wp\/v2\/posts\/78971\/revisions\/78972"}],"wp:featuredmedia":[{"embeddable":true,"href":"https:\/\/eldiariodesanpedro.com.ar\/sitio\/wp-json\/wp\/v2\/media\/78843"}],"wp:attachment":[{"href":"https:\/\/eldiariodesanpedro.com.ar\/sitio\/wp-json\/wp\/v2\/media?parent=78971"}],"wp:term":[{"taxonomy":"category","embeddable":true,"href":"https:\/\/eldiariodesanpedro.com.ar\/sitio\/wp-json\/wp\/v2\/categories?post=78971"},{"taxonomy":"post_tag","embeddable":true,"href":"https:\/\/eldiariodesanpedro.com.ar\/sitio\/wp-json\/wp\/v2\/tags?post=78971"}],"curies":[{"name":"wp","href":"https:\/\/api.w.org\/{rel}","templated":true}]}}