{"id":78967,"date":"2020-08-05T10:02:33","date_gmt":"2020-08-05T13:02:33","guid":{"rendered":"https:\/\/eldiariodesanpedro.com.ar\/sitio\/?p=78967"},"modified":"2020-08-05T10:02:37","modified_gmt":"2020-08-05T13:02:37","slug":"como-obtener-las-facturas-de-coopser","status":"publish","type":"post","link":"https:\/\/eldiariodesanpedro.com.ar\/sitio\/como-obtener-las-facturas-de-coopser\/","title":{"rendered":"\u00bfC\u00f3mo obtener las facturas de COOPSER?"},"content":{"rendered":"<!-- VideographyWP Plugin Message: Automatic video embedding prevented by plugin options. -->\n\n<p>COOPSER recuerda a todos los socios que la distribuci\u00f3n de las facturas de servicios el\u00e9ctricos y sociales se encuentra suspendida por cuestiones sanitarias y para prevenir otra v\u00eda de contacto personal que puede ser riesgosa para la circulaci\u00f3n del Covid-19.<\/p>\n\n\n\n<p>Para facilitar la agilizaci\u00f3n de este tr\u00e1mite de una mejor manera y respondiendo adem\u00e1s a m\u00faltiples solicitudes recibidas, se implement\u00f3 un sistema a trav\u00e9s del cual se pueden descargar e imprimir los recibos desde el sitio web&nbsp;<strong><a href=\"http:\/\/www.coopser.com.ar\/\" target=\"_blank\" rel=\"noreferrer noopener\">www.coopser.com.ar<\/a>.<\/strong><\/p>\n\n\n\n<p>Quienes deseen imprimir y pagar sus facturas pueden dirigirse a alguno de los puntos habilitados en los que contar\u00e1n con asistencia del personal de COOPSER para completar el tr\u00e1mite y obtener su comprobante.<\/p>\n\n\n\n<p><strong>Las oficinas para imprimir y retirar el recibo con asistencia de personal de COOPSER son:<br><\/strong><br>Sede Central: Mitre 1200 de 7.15 a 14<br>Oficina del Sector Obras: Honorio Pueyrred\u00f3n de 7.15 a 14<br>Oficina Seguridad: Pellegrini al 1200 de 7 a 20<br>Servicios Sociales de Avenida 3 de Febrero 1475&nbsp;<strong><em>(Disponible las 24 horas y todos los d\u00edas)<\/em><\/strong><\/p>\n\n\n\n<p><strong>La cobranza se realiza en las cajas de la Cooperativa, Centro de Comercio y a trav\u00e9s del resto de los canales habituales.<br><\/strong><strong>Una vez m\u00e1s se recuerda que no existe cobranza a domicilio de ning\u00fan servicio de la Cooperativa.<\/strong><\/p>\n","protected":false},"excerpt":{"rendered":"<p>COOPSER recuerda a todos los socios que la distribuci\u00f3n de las facturas de servicios el\u00e9ctricos y sociales se encuentra suspendida por cuestiones sanitarias y para prevenir otra v\u00eda de contacto personal que puede ser riesgosa para la circulaci\u00f3n del Covid-19. Para facilitar la agilizaci\u00f3n de este tr\u00e1mite de una mejor manera y respondiendo adem\u00e1s a [&hellip;]<\/p>\n","protected":false},"author":4,"featured_media":71422,"comment_status":"open","ping_status":"closed","sticky":false,"template":"","format":"standard","meta":{"om_disable_all_campaigns":false,"_jetpack_memberships_contains_paid_content":false,"footnotes":""},"categories":[101,2],"tags":[197,696,33],"class_list":["post-78967","post","type-post","status-publish","format-standard","has-post-thumbnail","hentry","category-interes-general-locales","category-locales","tag-buenos-aires","tag-interes-general","tag-locales"],"aioseo_notices":[],"gutentor_comment":0,"jetpack_featured_media_url":"https:\/\/eldiariodesanpedro.com.ar\/sitio\/wp-content\/uploads\/2020\/04\/unnamed.jpg","jetpack_shortlink":"https:\/\/wp.me\/p6RhLt-kxF","jetpack_sharing_enabled":true,"_links":{"self":[{"href":"https:\/\/eldiariodesanpedro.com.ar\/sitio\/wp-json\/wp\/v2\/posts\/78967","targetHints":{"allow":["GET"]}}],"collection":[{"href":"https:\/\/eldiariodesanpedro.com.ar\/sitio\/wp-json\/wp\/v2\/posts"}],"about":[{"href":"https:\/\/eldiariodesanpedro.com.ar\/sitio\/wp-json\/wp\/v2\/types\/post"}],"author":[{"embeddable":true,"href":"https:\/\/eldiariodesanpedro.com.ar\/sitio\/wp-json\/wp\/v2\/users\/4"}],"replies":[{"embeddable":true,"href":"https:\/\/eldiariodesanpedro.com.ar\/sitio\/wp-json\/wp\/v2\/comments?post=78967"}],"version-history":[{"count":1,"href":"https:\/\/eldiariodesanpedro.com.ar\/sitio\/wp-json\/wp\/v2\/posts\/78967\/revisions"}],"predecessor-version":[{"id":78968,"href":"https:\/\/eldiariodesanpedro.com.ar\/sitio\/wp-json\/wp\/v2\/posts\/78967\/revisions\/78968"}],"wp:featuredmedia":[{"embeddable":true,"href":"https:\/\/eldiariodesanpedro.com.ar\/sitio\/wp-json\/wp\/v2\/media\/71422"}],"wp:attachment":[{"href":"https:\/\/eldiariodesanpedro.com.ar\/sitio\/wp-json\/wp\/v2\/media?parent=78967"}],"wp:term":[{"taxonomy":"category","embeddable":true,"href":"https:\/\/eldiariodesanpedro.com.ar\/sitio\/wp-json\/wp\/v2\/categories?post=78967"},{"taxonomy":"post_tag","embeddable":true,"href":"https:\/\/eldiariodesanpedro.com.ar\/sitio\/wp-json\/wp\/v2\/tags?post=78967"}],"curies":[{"name":"wp","href":"https:\/\/api.w.org\/{rel}","templated":true}]}}