{"id":78957,"date":"2020-08-04T22:09:18","date_gmt":"2020-08-05T01:09:18","guid":{"rendered":"https:\/\/eldiariodesanpedro.com.ar\/sitio\/?p=78957"},"modified":"2020-08-04T22:09:21","modified_gmt":"2020-08-05T01:09:21","slug":"un-nuevo-caso-positivo-en-empresa-de-trasporte-y-no-se-recibieron-muestras-desde-el-maiztegui","status":"publish","type":"post","link":"https:\/\/eldiariodesanpedro.com.ar\/sitio\/un-nuevo-caso-positivo-en-empresa-de-trasporte-y-no-se-recibieron-muestras-desde-el-maiztegui\/","title":{"rendered":"Un nuevo caso positivo en empresa de trasporte y no se recibieron muestras desde el Maiztegui"},"content":{"rendered":"<!-- VideographyWP Plugin Message: Automatic video embedding prevented by plugin options. -->\n\n<p>La Secretar\u00eda de Salud de la Municipalidad de San Pedro informa que esta noche no se recibieron resultados de las muestras que se encuentran pendientes.<\/p>\n\n\n\n<p>En el dia de hoy se recibi\u00f3 un caso positivo de un hombre de 61 a\u00f1os que se realiz\u00f3 el examen particular a trav\u00e9s de una empresa de transporte.<\/p>\n\n\n\n<p>Ademas, se enviaron 36 nuevas muestras. Las mismas corresponden a:<\/p>\n\n\n\n<p>-17 mujeres de 20, 24, 25, 29(2), 30, 32(2), 34(2), 38, 46, 50(2), 56, 60 y 63 a\u00f1os.<\/p>\n\n\n\n<p>-19 hombres de 3, 26, 29, 31, 33, 34, 35, 37, 38(2), 39, 42, 46, 47, 55, 58, 59, 64 y 78 a\u00f1os.<\/p>\n\n\n\n<p><\/p>\n\n\n\n<p>9 pacientes se suman al grupo de recuperados de acuerdo al protocolo establecido. 6 mujeres de 18, 29, 39, 40, 57 y 68 a\u00f1os y 3 hombres de 28, 30 y 32 a\u00f1os.<\/p>\n\n\n\n<p>Con esta informaci\u00f3n el panel general queda de la siguiente forma:<\/p>\n\n\n\n<p>RESUMEN<br>Nuevas muestras enviadas: 36<br>Muestras Pendientes: 65<br>Nuevas muestras negativas: 00<br>Nuevos Casos Positivos: 1<br>Total de confirmados: 220<br>Total de casos activos: 78<br>Total de casos recuperados: 132<br>Total de casos fallecidos: 10<br>Total de muestras negativas: 548<\/p>\n\n\n\n<p>Este informe no incluye los env\u00edos realizados desde establecimientos privados con resultado negativo y que ser\u00e1n incorporados en breve al recuento local.<\/p>\n\n\n\n<p>&#x1f449; Usar tapabocas.<br>&#x1f449; Mantener la distancia m\u00ednima de 2 metros.<br>&#x1f449; Extremar la higiene de los espacios.<br>&#x1f449; Mantener las manos limpias.<\/p>\n\n\n\n<p>Se recuerda que, ante s\u00edntomas de tos seca, fiebre y dolor de garganta y la probabilidad de haber estado en contacto con enfermos o viajeros llegados desde las zonas transmisi\u00f3n local o comunitaria se puede llamar al 148 o 107.<\/p>\n","protected":false},"excerpt":{"rendered":"<p>La Secretar\u00eda de Salud de la Municipalidad de San Pedro informa que esta noche no se recibieron resultados de las muestras que se encuentran pendientes. En el dia de hoy se recibi\u00f3 un caso positivo de un hombre de 61 a\u00f1os que se realiz\u00f3 el examen particular a trav\u00e9s de una empresa de transporte. Ademas, [&hellip;]<\/p>\n","protected":false},"author":4,"featured_media":78783,"comment_status":"open","ping_status":"closed","sticky":false,"template":"","format":"standard","meta":{"om_disable_all_campaigns":false,"_jetpack_memberships_contains_paid_content":false,"footnotes":""},"categories":[50,101,2],"tags":[197,696,33],"class_list":["post-78957","post","type-post","status-publish","format-standard","has-post-thumbnail","hentry","category-destacadas","category-interes-general-locales","category-locales","tag-buenos-aires","tag-interes-general","tag-locales"],"aioseo_notices":[],"gutentor_comment":0,"jetpack_featured_media_url":"https:\/\/eldiariodesanpedro.com.ar\/sitio\/wp-content\/uploads\/2020\/08\/coronavirus-positivo-2.jpg","jetpack_shortlink":"https:\/\/wp.me\/p6RhLt-kxv","jetpack_sharing_enabled":true,"_links":{"self":[{"href":"https:\/\/eldiariodesanpedro.com.ar\/sitio\/wp-json\/wp\/v2\/posts\/78957","targetHints":{"allow":["GET"]}}],"collection":[{"href":"https:\/\/eldiariodesanpedro.com.ar\/sitio\/wp-json\/wp\/v2\/posts"}],"about":[{"href":"https:\/\/eldiariodesanpedro.com.ar\/sitio\/wp-json\/wp\/v2\/types\/post"}],"author":[{"embeddable":true,"href":"https:\/\/eldiariodesanpedro.com.ar\/sitio\/wp-json\/wp\/v2\/users\/4"}],"replies":[{"embeddable":true,"href":"https:\/\/eldiariodesanpedro.com.ar\/sitio\/wp-json\/wp\/v2\/comments?post=78957"}],"version-history":[{"count":2,"href":"https:\/\/eldiariodesanpedro.com.ar\/sitio\/wp-json\/wp\/v2\/posts\/78957\/revisions"}],"predecessor-version":[{"id":78960,"href":"https:\/\/eldiariodesanpedro.com.ar\/sitio\/wp-json\/wp\/v2\/posts\/78957\/revisions\/78960"}],"wp:featuredmedia":[{"embeddable":true,"href":"https:\/\/eldiariodesanpedro.com.ar\/sitio\/wp-json\/wp\/v2\/media\/78783"}],"wp:attachment":[{"href":"https:\/\/eldiariodesanpedro.com.ar\/sitio\/wp-json\/wp\/v2\/media?parent=78957"}],"wp:term":[{"taxonomy":"category","embeddable":true,"href":"https:\/\/eldiariodesanpedro.com.ar\/sitio\/wp-json\/wp\/v2\/categories?post=78957"},{"taxonomy":"post_tag","embeddable":true,"href":"https:\/\/eldiariodesanpedro.com.ar\/sitio\/wp-json\/wp\/v2\/tags?post=78957"}],"curies":[{"name":"wp","href":"https:\/\/api.w.org\/{rel}","templated":true}]}}