{"id":78946,"date":"2020-08-04T19:01:38","date_gmt":"2020-08-04T22:01:38","guid":{"rendered":"https:\/\/eldiariodesanpedro.com.ar\/sitio\/?p=78946"},"modified":"2020-08-04T19:01:42","modified_gmt":"2020-08-04T22:01:42","slug":"incripcion-del-programa-preservacion-del-trabajo","status":"publish","type":"post","link":"https:\/\/eldiariodesanpedro.com.ar\/sitio\/incripcion-del-programa-preservacion-del-trabajo\/","title":{"rendered":"Incripci\u00f3n del programa \u00abPreservaci\u00f3n del Trabajo\u00bb"},"content":{"rendered":"<!-- VideographyWP Plugin Message: Automatic video embedding prevented by plugin options. -->\n\n<p>La Municipalidad de San Pedro informa que desde este mi\u00e9rcoles 5 de agosto se encuentra habilitada la inscripci\u00f3n en el Programa de Preservaci\u00f3n del Trabajo, que contempla una compensaci\u00f3n equivalente al 50% del salario m\u00ednimo ($ 8.400) por un plazo de tres meses, para contribuir al sostenimiento de las fuentes y puestos de trabajo en sectores de la actividad econ\u00f3mica afectados por la pandemia de coronavirus.<\/p>\n\n\n\n<p>La asistencia prevista ser\u00e1 incompatible con otras de similares caracter\u00edsticas y por el mismo objeto, otorgada por cualquier otra jurisdicci\u00f3n nacional o provincial desde el 20 de marzo pasado, en el inicio de la cuarentena por la pandemia de coronavirus. (Por ejemplo ATP).<\/p>\n\n\n\n<p>Este programa del gobierno de la Provincia de Buenos Aires est\u00e1 destinado a peque\u00f1as y medianas empresas cuyos establecimientos productivos se encuentren radicados en el territorio bonaerense y no superen los 60 trabajadores.<br>Para el caso de Cooperativas se anunci\u00f3 que habr\u00e1 una evaluaci\u00f3n especial para determinar que la asistencia individual impacte en todos los trabajadores de la unidad productiva siempre que se respeten los criterios dispuestos.<\/p>\n\n\n\n<p>Los requisitos para que las empresas accedan al programa son: tener personer\u00eda jur\u00eddica otorgada o en tr\u00e1mite cuando se trate de empresas recuperadas en formaci\u00f3n; inscripci\u00f3n en Administraci\u00f3n Federal de Ingresos P\u00fablicos (AFIP) y en la Agencia de Recaudaci\u00f3n de la Provincia de Buenos Aires (ARBA); e inscripci\u00f3n en el Programa ActiBA del Ministerio de Producci\u00f3n bonaerense.<\/p>\n\n\n\n<p>Las empresas y unidades productivas destinatarias no deber\u00e1n registrar deudas laborales, previsionales o de la seguridad social o, en su defecto, deber\u00e1n presentar la documentaci\u00f3n que acredite que se encuentran acogidas a reg\u00edmenes de regularizaci\u00f3n.<\/p>\n\n\n\n<p>Los trabajadores en relaci\u00f3n de dependencia deber\u00e1n presentar la \u00faltima declaraci\u00f3n jurada determinativa de aportes y contribuciones con destino a la seguridad social presentada ante la AFIP; los trabajadores de cooperativas deber\u00e1n presentar copia del libro de registro de socios e inscripci\u00f3n al monotributo, y los trabajadores con discapacidad deber\u00e1n presentar certificado que acredite esa condici\u00f3n.<\/p>\n\n\n\n<p>Se especific\u00f3 que la asistencia se establece en $ 8.400 por un per\u00edodo inicial de tres meses, con posibilidad de que se prorrogue hasta por un a\u00f1o. El monto de la prestaci\u00f3n contemplar\u00e1 un adicional del 20% cuando se trate de trabajadores o trabajadoras con discapacidad, a\u00fan cuando en estos casos supere el 50% del Salario M\u00ednimo, Vital y M\u00f3vil establecido al momento de la aprobaci\u00f3n de la solicitud de asistencia<\/p>\n\n\n\n<p>Las empresas y unidades productivas beneficiadas estar\u00e1n obligadas a mantener la dotaci\u00f3n de personas trabajadoras existente al momento de la adhesi\u00f3n al programa; a computar el monto de la prestaci\u00f3n dineraria como parte del sueldo y realizar el c\u00e1lculo de los aportes y contribuciones sobre el salario total correspondiente en el caso de las personas trabajadoras en relaci\u00f3n de dependencia.<\/p>\n\n\n\n<p>Adem\u00e1s, deber\u00e1n abonar a los trabajadores el salario o retiros de excedentes vigente en los niveles que corresponda y cumplir con todas las obligaciones laborales, sociales y previsionales; y abstenerse de disponer despidos sin causa o por razones de crisis econ\u00f3mica o fuerza mayor.<\/p>\n\n\n\n<p>Para acceder desde la web del Ministerio:<br><a href=\"https:\/\/www.gba.gob.ar\/trabajo\">https:\/\/www.gba.gob.ar\/trabajo<\/a><\/p>\n\n\n\n<p>Video demostrativo:<br><a href=\"https:\/\/bit.ly\/2DjTNwz\">https:\/\/bit.ly\/2DjTNwz<\/a><\/p>\n\n\n\n<p>Consultas v\u00eda correo electr\u00f3nico:<br><a href=\"mailto:consultasppt@trabajo.gba.gov.ar\">consultasppt@trabajo.gba.gov.ar<\/a><\/p>\n\n\n\n<p>(Fuente Telam-GBA)<\/p>\n\n\n\n<figure class=\"wp-block-image size-large\"><a href=\"https:\/\/www.gba.gob.ar\/trabajo\"><img decoding=\"async\" width=\"820\" height=\"365\" data-attachment-id=\"78948\" data-permalink=\"https:\/\/eldiariodesanpedro.com.ar\/sitio\/incripcion-del-programa-preservacion-del-trabajo\/whatsapp-image-2020-08-04-at-18-28-17\/\" data-orig-file=\"https:\/\/eldiariodesanpedro.com.ar\/sitio\/wp-content\/uploads\/2020\/08\/WhatsApp-Image-2020-08-04-at-18.28.17.jpeg\" data-orig-size=\"820,365\" data-comments-opened=\"1\" data-image-meta=\"{&quot;aperture&quot;:&quot;0&quot;,&quot;credit&quot;:&quot;&quot;,&quot;camera&quot;:&quot;&quot;,&quot;caption&quot;:&quot;&quot;,&quot;created_timestamp&quot;:&quot;0&quot;,&quot;copyright&quot;:&quot;&quot;,&quot;focal_length&quot;:&quot;0&quot;,&quot;iso&quot;:&quot;0&quot;,&quot;shutter_speed&quot;:&quot;0&quot;,&quot;title&quot;:&quot;&quot;,&quot;orientation&quot;:&quot;0&quot;}\" data-image-title=\"WhatsApp Image 2020-08-04 at 18.28.17\" data-image-description=\"\" data-image-caption=\"\" data-large-file=\"https:\/\/eldiariodesanpedro.com.ar\/sitio\/wp-content\/uploads\/2020\/08\/WhatsApp-Image-2020-08-04-at-18.28.17.jpeg\" data-src=\"https:\/\/eldiariodesanpedro.com.ar\/sitio\/wp-content\/uploads\/2020\/08\/WhatsApp-Image-2020-08-04-at-18.28.17.jpeg\" alt=\"\" class=\"wp-image-78948 lazyload\" data-srcset=\"https:\/\/eldiariodesanpedro.com.ar\/sitio\/wp-content\/uploads\/2020\/08\/WhatsApp-Image-2020-08-04-at-18.28.17.jpeg 820w, https:\/\/eldiariodesanpedro.com.ar\/sitio\/wp-content\/uploads\/2020\/08\/WhatsApp-Image-2020-08-04-at-18.28.17-300x134.jpeg 300w, https:\/\/eldiariodesanpedro.com.ar\/sitio\/wp-content\/uploads\/2020\/08\/WhatsApp-Image-2020-08-04-at-18.28.17-768x342.jpeg 768w\" data-sizes=\"(max-width: 820px) 100vw, 820px\" src=\"data:image\/svg+xml;base64,PHN2ZyB3aWR0aD0iMSIgaGVpZ2h0PSIxIiB4bWxucz0iaHR0cDovL3d3dy53My5vcmcvMjAwMC9zdmciPjwvc3ZnPg==\" style=\"--smush-placeholder-width: 820px; --smush-placeholder-aspect-ratio: 820\/365;\" \/><\/a><\/figure>\n","protected":false},"excerpt":{"rendered":"<p>La Municipalidad de San Pedro informa que desde este mi\u00e9rcoles 5 de agosto se encuentra habilitada la inscripci\u00f3n en el Programa de Preservaci\u00f3n del Trabajo, que contempla una compensaci\u00f3n equivalente al 50% del salario m\u00ednimo ($ 8.400) por un plazo de tres meses, para contribuir al sostenimiento de las fuentes y puestos de trabajo en [&hellip;]<\/p>\n","protected":false},"author":4,"featured_media":78947,"comment_status":"open","ping_status":"closed","sticky":false,"template":"","format":"standard","meta":{"om_disable_all_campaigns":false,"_jetpack_memberships_contains_paid_content":false,"footnotes":""},"categories":[50,101,2],"tags":[197,696,33],"class_list":["post-78946","post","type-post","status-publish","format-standard","has-post-thumbnail","hentry","category-destacadas","category-interes-general-locales","category-locales","tag-buenos-aires","tag-interes-general","tag-locales"],"aioseo_notices":[],"gutentor_comment":0,"jetpack_featured_media_url":"https:\/\/eldiariodesanpedro.com.ar\/sitio\/wp-content\/uploads\/2020\/08\/5eb28c85a8c8f_1004x565.jpg","jetpack_shortlink":"https:\/\/wp.me\/p6RhLt-kxk","jetpack_sharing_enabled":true,"_links":{"self":[{"href":"https:\/\/eldiariodesanpedro.com.ar\/sitio\/wp-json\/wp\/v2\/posts\/78946","targetHints":{"allow":["GET"]}}],"collection":[{"href":"https:\/\/eldiariodesanpedro.com.ar\/sitio\/wp-json\/wp\/v2\/posts"}],"about":[{"href":"https:\/\/eldiariodesanpedro.com.ar\/sitio\/wp-json\/wp\/v2\/types\/post"}],"author":[{"embeddable":true,"href":"https:\/\/eldiariodesanpedro.com.ar\/sitio\/wp-json\/wp\/v2\/users\/4"}],"replies":[{"embeddable":true,"href":"https:\/\/eldiariodesanpedro.com.ar\/sitio\/wp-json\/wp\/v2\/comments?post=78946"}],"version-history":[{"count":1,"href":"https:\/\/eldiariodesanpedro.com.ar\/sitio\/wp-json\/wp\/v2\/posts\/78946\/revisions"}],"predecessor-version":[{"id":78949,"href":"https:\/\/eldiariodesanpedro.com.ar\/sitio\/wp-json\/wp\/v2\/posts\/78946\/revisions\/78949"}],"wp:featuredmedia":[{"embeddable":true,"href":"https:\/\/eldiariodesanpedro.com.ar\/sitio\/wp-json\/wp\/v2\/media\/78947"}],"wp:attachment":[{"href":"https:\/\/eldiariodesanpedro.com.ar\/sitio\/wp-json\/wp\/v2\/media?parent=78946"}],"wp:term":[{"taxonomy":"category","embeddable":true,"href":"https:\/\/eldiariodesanpedro.com.ar\/sitio\/wp-json\/wp\/v2\/categories?post=78946"},{"taxonomy":"post_tag","embeddable":true,"href":"https:\/\/eldiariodesanpedro.com.ar\/sitio\/wp-json\/wp\/v2\/tags?post=78946"}],"curies":[{"name":"wp","href":"https:\/\/api.w.org\/{rel}","templated":true}]}}